{"id":968,"date":"2022-02-16T13:03:20","date_gmt":"2022-02-16T13:03:20","guid":{"rendered":"http:\/\/www.lavocedirobinhood.it\/?p=968"},"modified":"2022-02-16T14:01:14","modified_gmt":"2022-02-16T14:01:14","slug":"in-nome-di-quale-scienza-da-hitler-a-draghi","status":"publish","type":"post","link":"https:\/\/www.lavocedirobinhood.it\/index.php\/2022\/02\/16\/in-nome-di-quale-scienza-da-hitler-a-draghi\/","title":{"rendered":"IN NOME DI QUALE SCIENZA? DA HITLER A DRAGHI&#8230;"},"content":{"rendered":"<p style=\"text-align: justify;\"><strong>Una voce fuori dal coro<\/strong> che merita attento ascolto da tutti coloro che credono ancora nel diritto e nei valori della <strong>Costituzione<\/strong> nata dalla resistenza contro il nazifascismo: la pi\u00f9 terrificante dittatura della storia dell&#8217;umanit\u00e0, lasciata crescere da una <strong>classe dirigente<\/strong> <strong><em>\u201cspaventosamente normale<\/em><\/strong>\u201d, come descritta nell&#8217;opera magistrale di Hannah Arendt \u201cla banalit\u00e0 del male\u201d, che ricorda quella di oggi. <strong>Uomini che credevano ciecamente nella scienza dominante e nella medicina nazista<\/strong>. Non c\u2019\u00e8 stato regime politico, prima d&#8217;ora, che abbia esaltato e idolatrato la medicina come il nazismo. Nel 1934 un intellettuale assai apprezzato, Hans Weinert, scrive: \u201c<em>Ci troviamo all\u2019inizio di una nuova epoca, l\u2019uomo stesso <strong>riconosce<\/strong> le leggi del vivente che lo <strong>modellano<\/strong> individualmente e collettivamente; e<\/em><strong><em> lo Stato nazionalsocialista si \u00e8 dato il diritto <\/em><\/strong><em>per quel che \u00e8 in suo potere, d\u2019<strong>influenzare<\/strong> il divenire umano come<\/em><em> esigono il benessere del popolo e dello Stato<\/em>\u201d.<\/p>\n<p style=\"text-align: justify;\">Nel manuale di \u201cIgiene razziale\u201d, scienziati di fama come Eugen Fischer, Erwin Bauer e Fritz Lenz, definivano <strong>Hitler<\/strong> come il \u201c<strong><em>grande medico tedesco<\/em><\/strong>\u201d. Nell\u2019allucinato immaginario biomedico nazista, impastato di socialdarwinismo, eugenismo e razzismo, i biologi apparivano come i depositari delle regole di governo e, soprattutto, i medici come gli autentici e unici esecutori di quelle regole, in nome della &#8220;<em><strong>Suprema Salute<\/strong>&#8220;<\/em> del popolo tedesco. Non \u00e8 certo un caso se la prima guerra che Hitler dichiar\u00f2 \u00e8 proprio quella ai disabili, approvando gi\u00e0 nel 1933 una legge sulla protezione della &#8220;<strong>salute ereditaria<\/strong>\u201d che contemplava la <strong>sterilizzazione forzata<\/strong> di tutti i cittadini giudicati dal basso \u201cvalore genetico\u201d, dai sordomuti ai ciechi, dagli schizofrenici agli alcolisti. E col passare del tempo la guerra alle &#8220;<strong><em>cellule malate<\/em><\/strong>&#8221; dei <strong>governati<\/strong> si <strong>allarga<\/strong> alle <strong>razze<\/strong> e <strong>minoranze<\/strong> giudicate inferiori Ebrei, Rom, Sinti, Jenisch, testimoni di Geova, omosessuali. Una guerra \u201cmedica\u201d, compiuta in nome della \u201cPulizia e della Salute\u201d, come era scritto alle porte di Mathausen.<\/p>\n<p style=\"text-align: justify;\">\u201c<strong>Se <\/strong><strong>il potere ultimo calzava gli stivali delle SS<\/strong>&#8221; [<em>come messo bene in evidenza dal filosofo Roberto Esposito in B\u00edos. Biopolitica e filosofia, uno degli studi pi\u00f9 interessanti al riguardo<\/em>] &#8220;<strong>l&#8217;<em>Auctoritas<\/em> suprema vestiva il camice bianco del medico<\/strong>\u201d.<\/p>\n<p style=\"text-align: justify;\"><strong>Oggid\u00ec un emerito filosofo e giurista come il Prof. Giorgio Agamben, <\/strong>spiegandoci il passaggio dalle societ\u00e0 disciplinari,\u00a0ci mette in guardia dal futuro disegnatoci dai poteri occulti fondato su un <strong>controllo sociale digitale illimitato<\/strong> dei comportamenti umani individuali che divengono cos\u00ec quantificabili in un algoritmo. Gi\u00e0, nel 1933, la propaganda nazista introdusse il <strong>passaporto genealogico<\/strong> (Ahnenpass) che certificava l\u2019appartenenza alla razza ariana e impediva a coloro che ne erano sprovvisti di accedere agli uffici pubblici, scuole, lavoro, teatri, musei, stadi. La storia nei suoi corsi e ricorsi oggi torna a porci degli interrogativi inquietanti: &#8220;<strong>I vaccini sono la Panacea a tutti i mali della societ\u00e0<\/strong> (disastro ambientale, fine del capitalismo, povert\u00e0 estrema, diseguaglianze, perdita dei valori morali)&#8221; <strong>e i &#8220;novax&#8221; sono i nuovi untori e i nemici della patria o c&#8217;\u00e8 un male pi\u00f9 profondo<\/strong> che offusca la coscienza collettiva di una Societ\u00e0 Civile che ancora non ha compreso il senso della democrazia e di come riuscire a difenderla?<\/p>\n<p style=\"text-align: justify;\"><strong>Ascoltare l&#8217;appello dell&#8217;illustre filosofo e giurista al Senato della Repubblica\u00a0in commissione affari costituzionali<\/strong> ci pu\u00f2 aiutare a capire la deriva democratica che si sta compiendo e quale mostruosit\u00e0 giuridica rappresenti il greenpass, ovvero come le vaccinazioni di massa, mascherate\u00a0sotto il paravento della biosicurezza, non costituiscano altro che un espediente per indurre anche i pi\u00f9 refrattari a rinunciare alle nostre libert\u00e0 fondamentali, accettando supinamente il nuovo modello sociale di dittatura digitale come in Cina dove il controllo dei governati \u00e8 totale.<\/p>\n<p style=\"text-align: justify;\"><a href=\"https:\/\/www.youtube.com\/watch?v=_IWO9unA3BE%20\">https:\/\/www.youtube.com\/watch?v=_IWO9unA3BE<\/a>w.youtube.com\/watch?v=_IWO9unA3BE\u00a0<a href=\"https:\/\/www.lavocedirobinhood.it\/wp-content\/uploads\/2022\/02\/Ahnenpass-1.jpg\" rel=\"prettyphoto[968]\"><img loading=\"lazy\" decoding=\"async\" class=\"alignleft size-full wp-image-970\" src=\"https:\/\/www.lavocedirobinhood.it\/wp-content\/uploads\/2022\/02\/Ahnenpass-1.jpg\" alt=\"Ahnenpass\" width=\"500\" height=\"665\" srcset=\"https:\/\/www.lavocedirobinhood.it\/wp-content\/uploads\/2022\/02\/Ahnenpass-1.jpg 500w, https:\/\/www.lavocedirobinhood.it\/wp-content\/uploads\/2022\/02\/Ahnenpass-1-226x300.jpg 226w, https:\/\/www.lavocedirobinhood.it\/wp-content\/uploads\/2022\/02\/Ahnenpass-1-113x150.jpg 113w\" sizes=\"auto, (max-width: 500px) 100vw, 500px\" \/><\/a><\/p>\n","protected":false},"excerpt":{"rendered":"<p>Una voce fuori dal coro che merita attento ascolto da tutti coloro che credono ancora nel diritto e nei valori&#8230;<\/p>\n","protected":false},"author":1,"featured_media":970,"comment_status":"open","ping_status":"closed","sticky":false,"template":"","format":"standard","meta":{"footnotes":""},"categories":[7],"tags":[],"class_list":["post-968","post","type-post","status-publish","format-standard","has-post-thumbnail","hentry","category-editoriale"],"_links":{"self":[{"href":"https:\/\/www.lavocedirobinhood.it\/index.php\/wp-json\/wp\/v2\/posts\/968","targetHints":{"allow":["GET"]}}],"collection":[{"href":"https:\/\/www.lavocedirobinhood.it\/index.php\/wp-json\/wp\/v2\/posts"}],"about":[{"href":"https:\/\/www.lavocedirobinhood.it\/index.php\/wp-json\/wp\/v2\/types\/post"}],"author":[{"embeddable":true,"href":"https:\/\/www.lavocedirobinhood.it\/index.php\/wp-json\/wp\/v2\/users\/1"}],"replies":[{"embeddable":true,"href":"https:\/\/www.lavocedirobinhood.it\/index.php\/wp-json\/wp\/v2\/comments?post=968"}],"version-history":[{"count":5,"href":"https:\/\/www.lavocedirobinhood.it\/index.php\/wp-json\/wp\/v2\/posts\/968\/revisions"}],"predecessor-version":[{"id":975,"href":"https:\/\/www.lavocedirobinhood.it\/index.php\/wp-json\/wp\/v2\/posts\/968\/revisions\/975"}],"wp:featuredmedia":[{"embeddable":true,"href":"https:\/\/www.lavocedirobinhood.it\/index.php\/wp-json\/wp\/v2\/media\/970"}],"wp:attachment":[{"href":"https:\/\/www.lavocedirobinhood.it\/index.php\/wp-json\/wp\/v2\/media?parent=968"}],"wp:term":[{"taxonomy":"category","embeddable":true,"href":"https:\/\/www.lavocedirobinhood.it\/index.php\/wp-json\/wp\/v2\/categories?post=968"},{"taxonomy":"post_tag","embeddable":true,"href":"https:\/\/www.lavocedirobinhood.it\/index.php\/wp-json\/wp\/v2\/tags?post=968"}],"curies":[{"name":"wp","href":"https:\/\/api.w.org\/{rel}","templated":true}]}}