{"id":95,"date":"2010-01-29T20:04:40","date_gmt":"2010-01-29T20:04:40","guid":{"rendered":"http:\/\/lambertob.koding.io\/wordpress\/?p=95"},"modified":"2010-01-29T20:04:40","modified_gmt":"2010-01-29T20:04:40","slug":"invito-per-il-25-anniversario-di-robin-hood","status":"publish","type":"post","link":"https:\/\/www.lavocedirobinhood.it\/index.php\/2010\/01\/29\/invito-per-il-25-anniversario-di-robin-hood\/","title":{"rendered":"INVITO PER IL 25\u00b0 ANNIVERSARIO DI ROBIN HOOD"},"content":{"rendered":"<p>&nbsp;<\/p>\n<p><span style=\"font-size: small;\">Caro lettore,<br \/>\nIn occasione de &#8220;<strong>I Giorni del Volontariato<\/strong>&#8221; mostra delle associazioni di Milano, che si svolger\u00e0 a Milano, <strong>sabato 30 e domenica 31 gennaio 2010<\/strong>, presso <strong>Palazzo delle Stelline in corso Magenta 61<\/strong>, siamo lieti invitarti a festeggiare insieme con noi <\/span><\/p>\n<p><span style=\"font-size: small;\"><strong>il<\/strong> <strong>25\u00b0 Anniversario di Robin Hood.<\/strong><\/span><\/p>\n<p><strong><span style=\"font-size: small;\">OLTRE 25 ANNI DI IMPEGNO CIVILE<br \/>\nA TUTELA DELLA LEGALITA&#8217;<br \/>\nPER LA DIFESA DEI PIU&#8217; DEBOLI<br \/>\nINSIEME AD AVVOCATI SENZA FRONTIERE.<\/span><\/strong><\/p>\n<p><span style=\"font-size: small;\">A tutti i soci vecchi e nuovi sar\u00e0 distribuita la brochure commemorativa fatta stampare ad hoc in occasione del 25\u00b0 Anniversario della fondazione dell&#8217;Associazione.<br \/>\nSar\u00e0 anche una simpatica occasione per ritrovarsi o conoscerci personalmente con tutti coloro che per un motivo o per l&#8217;altro non si \u00e8 ancora trovata l&#8217;opportunit\u00e0 per farlo.<br \/>\nL&#8217;evento &#8220;I Giorni del Volontariato&#8221;, promosso da Ciessevi, Aim e Credito Valtellinese \u00e8 infatti una mostra-presentazione delle associazioni di volontariato per farsi conoscere e raccogliere adesioni. L&#8217;ingresso \u00e8 libero e gratuito.<\/span><\/p>\n<p><span style=\"font-size: small;\">Un&#8217;occasione anche per prepararci insieme al 2011 &#8220;Anno Europeo delle Attivit\u00e0 Volontarie che promuovono la Cittadinanza Attiva&#8221; recentemente approvato dal Consiglio dell&#8217;Unione Europea.<\/span><\/p>\n<p>&nbsp;<\/p>\n<p><strong><span style=\"font-size: small;\">LA PRIMA ONLUS IN ITALIA<br \/>\nCONTRO I POTERI FORTI<br \/>\nLE MASSOMAFIE<br \/>\nLA CORRUZIONE POLITICA<br \/>\nLA MAGISTRATURA DI REGIME<br \/>\nA TUTELA DELLO STATO DI DIRITTO E<br \/>\nDELLA PARTE SANA DELLE ISTITUZIONI.<\/span><\/strong><\/p>\n<p>&nbsp;<\/p>\n<p><span style=\"font-size: small;\"><strong>Il Movimento per la Giustizia Robin Hood<\/strong> \u00e8 una libera associazione di volontariato riconosciuta, senza padrini politici e bandiere di partito, che si propone di affermare in concreto il principio di uguaglianza dei cittadini di fronte alla legge e difendere le parti pi\u00f9 deboli contro ogni forma di abuso di potere, diffondendo un&#8217;etica universale dei diritti umani.<\/span><\/p>\n<p><span style=\"font-size: small;\"><strong>L&#8217;Associazione<\/strong> \u00e8 nata da persone comuni di ogni et\u00e0 e condizione sociale che, a partire dal 1986, nelle lotte di quartiere contro la speculazione edilizia a Milano e la cementificazione della citt\u00e0, hanno compreso non possa esistere vera libert\u00e0 senza Vera Giustizia.<\/span><\/p>\n<p><span style=\"font-size: small;\"><strong>Uomini liberi<\/strong> costretti a scendere in campo per rispondere al vuoto desolante di tutela in cui versano i cittadini, lasciato dalla politica asservita agli interessi del potere, al fine di assicurare un futuro alla terra in cui tutti viviamo e ai propri figli, in un mondo senza guerre.<\/span><\/p>\n<p><span style=\"font-size: small;\"><strong>E&#8217; l&#8217;Associazione<\/strong> che, a partire da Milano, ha dato impulso al fenomeno di &#8220;mani pulite&#8221;, raccogliendo oltre 250.000 simpatizzanti e firme in tutta Italia, a sostegno delle proprie petizioni per la confisca dei patrimoni illeciti di tangentisti e mafiosi.<\/span><\/p>\n<p><span style=\"font-size: small;\"><strong>Consapevoli<\/strong> che la corruzione e l&#8217;avidit\u00e0 di coloro che detengono il potere costituiscono un problema mondiale insito nella natura umana, per cui \u00e8 necessaria una rivoluzione dei valori e delle relazioni sociali, in grado di capovolgere il rapporto tra &#8220;Stato e persona umana&#8221;, in modo da riuscire a costruire un&#8217;autentica democrazia dal basso, in cui individui e popoli si uniscano, l&#8217;Associazione si propone di contribuire a dare vita ad una &#8220;Internazionale della Pace&#8221; con l&#8217;apporto di tutte le Associazioni impegnate nella difesa dei Diritti Umani, creando una confederazione con statuto depositato presso le Nazioni Unite. Un eccezionale strumento che rafforzerebbe, rendendo pi\u00f9 efficace e meno vulnerabile, l&#8217;azione di ogni singola associazione che, spesso isolatamente si trova ad affrontare la repressione governativa nel proprio Paese.<\/span><\/p>\n<p><span style=\"font-size: small;\"><strong>E&#8217; il primo movimento organizzato non violento autenticamente superpartes<\/strong> della storia dell&#8217;umanit\u00e0, a tutela della legalit\u00e0 e dei principi di giustizia, a cui ogni spirito libero \u00e8 chiamato dare il proprio apporto personale,in rapporto alle sue specifiche capacit\u00e0.<\/span><\/p>\n<p><span style=\"font-size: small;\"><strong>Dal 1986<\/strong> attraverso l&#8217;opera di oltre 300 professionisti e volontari in tutta Italia, dopo avere creato la rete di Avvocati senza Frontiere offre:<\/span><\/p>\n<p><span style=\"font-size: small;\">&#8211; <strong>Assistenza Legale<\/strong> alle categorie sociali meno abbienti e alle persone in stato di bisogno, vittime di usura, fallimenti pilotati, sfratti illegittimi, violenza su donne e bambini, patrocinio infedele, estorsioni, racket delle aste giudiziarie, false perizie, malasanit\u00e0&#8230;;<\/span><\/p>\n<p><span style=\"font-size: small;\">&#8211; <strong>Sportello &#8220;S.O.S. Giustizia&#8221;<\/strong> come rimedio agli abusi della P.A. e alla piaga sommersa della corruzione giudiziaria, con eventuale intervento in giudizio dell&#8217;Associazione nei casi di rilevante interesse sociale;<\/span><\/p>\n<p><span style=\"font-size: small;\">&#8211; <strong>Tutela giuridica avanti alla Corte Europea per i Diritti dell&#8217;Uomo<\/strong>;<\/span><\/p>\n<p><span style=\"font-size: small;\">&#8211; <strong>Patrocinio a spese dello Stato<\/strong> (istruzione pratiche per facilitare l&#8217;accesso dei cittadini alla giustizia);<\/span><\/p>\n<p><span style=\"font-size: small;\">&#8211; <strong>&#8220;La Voce di Robin Hood&#8221;<\/strong>, rivista online sui grandi temi della giustizia aperta a tutte le correnti di pensiero e a chi desidera scrivere e leggere le verit\u00e0 sottaciute dai media;<br \/>\n&#8211; <strong>&#8220;Mappa della malagiustizia&#8221;<\/strong>, una preziosa banca dati on line che raccoglie e denuncia i casi segnalati in tutta Italia;<\/span><\/p>\n<p><span style=\"font-size: small;\">&#8211; <strong>Promozione di petizioni<\/strong>, convegni, mostre umanitarie, seminari, dibattiti, manifestazioni internazionali sull&#8217;etica dei diritti.<\/span><\/p>\n<p><strong><span style=\"font-size: small;\">AVVOCATI SENZA FRONTIERE<\/span><\/strong><\/p>\n<p><strong><span style=\"font-size: small;\">Oltre 300 professionisti<br \/>\nin tutta Italia<br \/>\nPer tutelare gli interessi<br \/>\ndiffusi dei cittadini<br \/>\nPer cambiare il volto<br \/>\ndell&#8217;Avvocatura<br \/>\ne della giustizia italiana<br \/>\nPer rispondere<br \/>\nai bisogni dei soggetti pi\u00f9 deboli.<br \/>\n<\/span><\/strong><\/p>\n<p><span style=\"font-size: small;\">Per saperne di pi\u00f9 sull&#8217;evento:<\/span><\/p>\n<p><span style=\"font-size: small;\"><a href=\"http:\/\/www.ciessevi.org\/content\/view\/5024\/189\/\">http:\/\/www.ciessevi.org\/content\/view\/5024\/189\/<\/a><\/span><\/p>\n<p>&nbsp;<\/p>\n<p><span style=\"font-size: small;\">In allegato puoi scaricare la brochure realizzata per l&#8217;Anniversario.<\/span><\/p>\n<p>&nbsp;<\/p>\n","protected":false},"excerpt":{"rendered":"<p>&nbsp; Caro lettore, In occasione de &#8220;I Giorni del Volontariato&#8221; mostra delle associazioni di Milano, che si svolger\u00e0 a Milano,&#8230;<\/p>\n","protected":false},"author":2,"featured_media":333,"comment_status":"open","ping_status":"open","sticky":false,"template":"","format":"standard","meta":{"footnotes":""},"categories":[8],"tags":[],"class_list":["post-95","post","type-post","status-publish","format-standard","has-post-thumbnail","hentry","category-eventi-e-convegni"],"_links":{"self":[{"href":"https:\/\/www.lavocedirobinhood.it\/index.php\/wp-json\/wp\/v2\/posts\/95","targetHints":{"allow":["GET"]}}],"collection":[{"href":"https:\/\/www.lavocedirobinhood.it\/index.php\/wp-json\/wp\/v2\/posts"}],"about":[{"href":"https:\/\/www.lavocedirobinhood.it\/index.php\/wp-json\/wp\/v2\/types\/post"}],"author":[{"embeddable":true,"href":"https:\/\/www.lavocedirobinhood.it\/index.php\/wp-json\/wp\/v2\/users\/2"}],"replies":[{"embeddable":true,"href":"https:\/\/www.lavocedirobinhood.it\/index.php\/wp-json\/wp\/v2\/comments?post=95"}],"version-history":[{"count":0,"href":"https:\/\/www.lavocedirobinhood.it\/index.php\/wp-json\/wp\/v2\/posts\/95\/revisions"}],"wp:featuredmedia":[{"embeddable":true,"href":"https:\/\/www.lavocedirobinhood.it\/index.php\/wp-json\/wp\/v2\/media\/333"}],"wp:attachment":[{"href":"https:\/\/www.lavocedirobinhood.it\/index.php\/wp-json\/wp\/v2\/media?parent=95"}],"wp:term":[{"taxonomy":"category","embeddable":true,"href":"https:\/\/www.lavocedirobinhood.it\/index.php\/wp-json\/wp\/v2\/categories?post=95"},{"taxonomy":"post_tag","embeddable":true,"href":"https:\/\/www.lavocedirobinhood.it\/index.php\/wp-json\/wp\/v2\/tags?post=95"}],"curies":[{"name":"wp","href":"https:\/\/api.w.org\/{rel}","templated":true}]}}