{"id":944,"date":"2021-03-15T14:33:47","date_gmt":"2021-03-15T14:33:47","guid":{"rendered":"http:\/\/www.lavocedirobinhood.it\/?p=944"},"modified":"2021-03-15T22:03:49","modified_gmt":"2021-03-15T22:03:49","slug":"vincenzo-sapia-ucciso-2-volte-prima-dai-carabinieri-eppoi-dallomerta-dello-stato","status":"publish","type":"post","link":"https:\/\/www.lavocedirobinhood.it\/index.php\/2021\/03\/15\/vincenzo-sapia-ucciso-2-volte-prima-dai-carabinieri-eppoi-dallomerta-dello-stato\/","title":{"rendered":"Vincenzo Sapia ucciso 2 volte prima dai Carabinieri eppoi dall&#8217;omert\u00e0 del primo cittadino e dello Stato"},"content":{"rendered":"<header class=\"nws__head\"><strong>Vincenzo Sapia era un ragazzo buono, inoffensivo e sorridente, di poco pi\u00f9 di 29 anni<\/strong>.\u00a0<\/header>\n<header class=\"nws__head\"><strong>Ma durante un anomalo quanto violento fermo dei Carabinieri gli \u00e8 stata tolta la vita. <\/strong><\/header>\n<header class=\"nws__head\"><strong>Esattamente come a George Floyd<\/strong>&#8230;<\/header>\n<header class=\"nws__head\"><a href=\"https:\/\/www.iene.mediaset.it\/video\/caso-sapia-come-morto-vincenzo_1003587.shtml\">https:\/\/www.iene.mediaset.it\/video\/caso-sapia-come-morto-vincenzo_1003587.shtml<\/a><\/header>\n<header class=\"nws__head\">L&#8217;unica differenza \u00e8 che il fatto non \u00e8 avvenuto a <strong>Minneapolis<\/strong> bens\u00ec a<strong>\u00a0Mirto Crosia <\/strong>in<strong> Calabria<\/strong>.<\/header>\n<header class=\"nws__head\">L\u2019antica Krusion, territorio mitologico circondato dal mare e dalle colline, teatro nel 510 a.C. dell&#8217;epica battaglia di Nika tra le <em>poleis<\/em>\u00a0di\u00a0Sybaris\u00a0e\u00a0Kroton, che ha visto oggi spegnere l&#8217;esistenza di Vincenzo Sapia.<\/header>\n<header class=\"nws__head\">Qui la civilt\u00e0 si \u00e8 fermata: nessuna confessione da parte delle forze dell&#8217;ordine che per alcuni lunghi minuti lo hanno immobilizzato con la <strong>faccia a terra<\/strong> e le <strong>mani legate dietro la schiena<\/strong>, neanche fosse un pericolo delinquente, provocandogli un&#8217;<strong>asfissia posturale<\/strong> con arresto cardiaco.\u00a0<\/header>\n<header class=\"nws__head\"><strong>Nessun patteggiamento da parte del Ministero dell&#8217;Interno<\/strong>. Nessuna\u00a0manifestazione di massa. Nessun risarcimento miliardario da 27 milioni di dollari, come riconosciuti in America dalla municipalit\u00e0 di Minneapolis in favore della famiglia afroamericana della pi\u00f9 nota vittima degli eccessi della polizia.\u00a0\u00a0<\/header>\n<header class=\"nws__head\">Nessun rinvio a giudizio, nessuna approfondita indagine da parte delle Autorit\u00e0 Giudiziarie competenti, in quasi 7 anni. Nessuna verit\u00e0 raccolta dai testimoni oculari, dopo ben tre richieste di archiviazione.<\/header>\n<header class=\"nws__head\"><strong>Totale omert\u00e0 anche da parte del primo cittadino<\/strong>, eletto Sindaco poco dopo la morte di Vincenzo, il quale secondo una coraggiosa inchiesta giornalistica della redazione de Le Iene di qualche giorno fa, avrebbe ammesso (con cognizione di causa essendo avvocato), un \u00ab<strong>eccesso colposo<\/strong>\u00bb da parte delle forze dell&#8217;Ordine, per poi rimangiarsi tutto dopo aver capito di essere stato videoregistrato, voltando le spalle al reporter che gli chiedeva il perch\u00e9 non si recasse spontaneamente dal P.M. a riferire i fatti di cui era stato testimone oculare, smentendo la versione ufficiale edulcorata che ha provocato l&#8217;archiviazione.\u00a0 \u00a0<\/header>\n<header class=\"nws__head\"><\/header>\n<header class=\"nws__head\"><strong>Vincenzo \u00e8 stato cos\u00ec ucciso 2 volte prima dai carabinieri eppoi dall&#8217;omert\u00e0 dello Stato.<\/strong><\/header>\n<header class=\"nws__head\">Ciononostante, i suoi famigliari attendono verit\u00e0 e giustizia su quanto accaduto quel fatidico 24\/5\/2014.<\/header>\n<header class=\"nws__head\">In Italia, purtroppo, non si \u00e8 ancora radicato un movimento per i diritti civili contro gli abusi delle forze dell&#8217;ordine come quello degli Stati Uniti d&#8217;America che ha dato voce a\u00a0\u00ab<strong>Black Lives Matter<\/strong>\u00bb.\u00a0<\/header>\n<header class=\"nws__head\">Sebbene, nel nostro BelPaese le vittime delle violenze di Stato dal <strong>G8 di Genova<\/strong> siano sempre pi\u00f9 numerose, in specie nei confronti dei soggetti pi\u00f9 fragili, sottoposti illegalmente a trattamenti sanitari obbligatori (T.S.O.), come Francesco Mastrogiovanni, Andrea Soldi, Uva, Cucchi, Budroni, Magherini, Aldrovandi e tante altre morti rimaste impunite, molto spesso con la complicit\u00e0 della magistratura di regime, dei vertici delle forze dell&#8217;ordine e dello Stato, sui quali non si sono mai sufficientemente accesi i riflettori dell\u2019opinione pubblica, ponendo la parola fine agli abusi in divisa e alla malagiustizia.<\/header>\n<header class=\"nws__head\">Come dice la mamma Isabella: &#8220;<strong>Vincenzo era un bambinone di 29 anni<\/strong>&#8221; che soffriva da tempo di una\u00a0 patologia caratterizzata da disturbi schizo-affettivi che gli provocavano depressione e allucinazioni. &#8220;Per\u00f2 non ha mai fatto male a nessuno, anche in famiglia non era mai violento\u201d. Il pomeriggio della morte, Vincenzo era uscito di casa dicendo che qualcuno gli aveva promesso un cagnolino. &#8220;Data la malattia, non si sa se sia vero, ma \u00e8 certo &#8211; riferisce <strong>Alessandro Politi <\/strong>&#8211;\u00a0che si \u00e8 avviato verso un palazzo poco distante da casa sua. Suona al citofono ma nessuno gli apre. Allora\u00a0lui si innervosisce e comincia a tirare calci alla porta. Gli abitanti del palazzo chiamano i carabinieri. I militari gli chiedono i documenti, richiesta strana perch\u00e9 tutti in quel piccolo paesino conoscono Vincenzo e i suoi problemi&#8221;.<\/header>\n<header class=\"nws__head\">&#8220;<strong>Lui i documenti non ce li ha e per dimostrarlo si spoglia e resta in mutande<\/strong>&#8220;. &#8220;I carabinieri invece di chiedere un T.S.O. chiamano i rinforzi\u201d, racconta la sorella. I carabinieri ora diventano tre, uno di loro lo chiama persino per nome. Vincenzo, impaurito, prova a scappare mezzo nudo verso casa sua ma viene fermato dallo sgambetto di un carabiniere. Pochi metri e la sua affannosa corsa finisce sull\u2019asfalto, <strong>dove viene brutalmente afferrato per il collo e per i capelli, bloccandolo dal torace e dalle gambe. Prima un ginocchio e poi un piede sulla schiena<\/strong>. Viene cos\u00ec ammanettato e assicurato (sic!) alla &#8220;giustizia&#8221;. A quel punto Vincenzo non fa pi\u00f9 resistenza. Un medico che passava per caso di l\u00ec ne dichiara il decesso pochi minuti dopo mentre era ancora nudo con la faccia a terra, ammanettato, e a\u00a0 pancia in gi\u00f9 contro il suolo. La madre avvertita dal genero esce di casa e corre in soccorso di suo figlio. Ha con s\u00e9 le gocce per calmarlo, ma quando arriva lui \u00e8 troppo tardi.<\/header>\n<header class=\"nws__head\">Secondo una prima autopsia, da pi\u00f9 fonti ritenuta compiacente, la morte di Vincenzo sarebbe stata provocata da &#8220;cause naturali&#8221;, a seguito di un infarto per un\u2019alterazione dell\u2019attivit\u00e0 elettrice cardiaca di difficile interpretazione.\u00a0\u201cLui \u00e8 morto nelle mani loro, non pu\u00f2 essere una morte per cause naturali\u201d, dice la sorella. L&#8217;Avv. Fabio Anselmo, che segue il caso, aggiunge:\u00a0<strong>\u201cSe quel giorno non avesse incontrato le forze dell\u2019ordine oggi non staremmo parlando di lui\u201d<\/strong>.<\/header>\n<header class=\"nws__head\"><strong>Il medico legale dei famigliari, dott.ssa Emanuela Turillazzi \u00e8 dello stesso avviso<\/strong>, parlando apertamente di \u201ccianosi delle unghie, cianosi del volto, colorazione bluastra, presenza di petecchia e di schiuma:\u00a0\u00e8 morto per un\u2019asfissia da posizione\u201d. Cos\u00ec smentendo la versione ufficiale del\u00a0dott. Caruso, che ha eseguito la prima autopsia, escludendo l\u2019asfissia posturale. Il povero Vincenzo, probabilmente, aggiungiamo noi, senza essere veggenti n\u00e9 testi oculari, come il Sindaco-Avvocato reticente, avr\u00e0 gridato nel suo dialetto e con la voce che gli restava in gola: \u00ab<strong>I can&#8217;t breathe!<\/strong>\u00bb Non posso respirare! Aiuto!<\/header>\n<header class=\"nws__head\"><strong>Il bravo giornalista, Alessandro Politi<\/strong> si \u00e8 preso la briga di fare quello che sarebbe stato prioritario dovere degli inquirenti, gi\u00e0 7 anni fa, cio\u00e8 quello di citofonare agli inquilini del palazzo limitrofo da cui si vede perfettamente il luogo in cui \u00e8 morto il povero Vincenzo Sapia per ricostruire la scena del crimine e chiedere loro cosa hanno visto quel d\u00ec.\u00a0\u00a0Nessuno di loro ha per\u00f2 voluto parlare:<strong> \u201cNon ho visto niente\u201d, \u201cquel giorno non ero in casa\u201d, \u201cnon so nulla e anche se sapevo non dicevo niente\u201d<\/strong>. Solo un uomo si \u00e8 reso disponibile a raccontare come sono andate le cose: \u201cL\u2019ha preso con la mano, l\u2019ha girato e l\u2019ha messo a terra, tipo karate. Nemmeno nei film ho mai visto qualcosa del genere\u201d.<\/header>\n<header class=\"nws__head\"><strong>Per ottenere qualche risposta in pi\u00f9 le &#8220;Iene&#8221; hanno accompagnato mamma Isabella\u00a0a chiedere spiegazioni anche\u00a0ai carabinieri.<\/strong> Due non si sono fatti trovare, mentre il terzo la incontra nell\u2019androne di casa, ma si limita a dire laconicamente: \u201cnon \u00e8 stata colpa nostra\u201d e \u201cnon posso parlare\u201d. Il Sindaco si. Ma poi ha ritrattato &#8230;<\/header>\n<header class=\"nws__head\"><strong>Purtroppo, tragedie come queste sono all&#8217;ordine del giorno, in un Paese dove l&#8217;omert\u00e0 \u00e8 dentro lo Stato<\/strong>, venendo ottusamente eletta a principio ispiratore dell&#8217;azione delle forze dell&#8217;ordine e della magistratura, spinte ad insabbiare ogni responsabilit\u00e0 interna per salvaguardare la propria immagine, senza rendersi conto dell&#8217;irreversibile caduta di fiducia nel rapporto tra i cittadini e le istituzioni, ovvero della necessit\u00e0 improcrastinabile di un cambiamento di passo epocale, per dirla con una frase oggi di moda alla M<strong>ario Draghi<\/strong>, che speriamo legga questo nostro appello per cambiare la cultura della legalit\u00e0 e della giustizia, restituendogli quel volto umano cui tutti gli uomini di buona volont\u00e0 aspirano.<\/header>\n<header class=\"nws__head\"><strong>Auspichiamo l&#8217;apertura di un&#8217;inchiesta parlamentare<\/strong> sui casi pi\u00f9 eclatanti di abusi da parte delle forze dell&#8217;ordine, di malasanit\u00e0 e di malagiustizia segnalati dalla Societ\u00e0 civile, dalle Associazioni per la tutela dei diritti umani e dalla stampa libera, senza padrini politici.<\/header>\n<header class=\"nws__head\"><strong>Auspichiamo<\/strong> che la Ministra della Giustizia, <strong>Marta Cartabia<\/strong>, seguendo l&#8217;esempio di <strong>Joe Biden<\/strong>\u00a0che ha promesso una grande riforma della polizia, cambi le regole di ingaggio delle forze dell&#8217;ordine, ponendo pene severe per coloro che violano i protocolli che gi\u00e0 prevedono nei casi di persone affette da disturbi psichici, di \u00abevitare di invadere lo spazio della persona in stato di agitazione mantenendosi a una distanza utile, stabilire un dialogo, dimostrare di comprendere lo stato d\u2019animo dell\u2019interlocutore, evitando di ingenerare sensi di colpa\u00bb. Ed ancora: \u00abEvitare l\u2019immobilizzazione a terra e in posizione prona, trattenerlo possibilmente in piedi; sia l\u2019arresto che l\u2019eventuale ricovero dovranno avvenire in posizione seduta o sdraiata su un fianco evitando in ogni caso posture che comportino qualsiasi forma di compressione toracica\u00bb.\u00a0<\/header>\n<header class=\"nws__head\"><strong>Regole basilari che nel caso di Vincenzo Sapia sono state tutte clamorosamente calpestate<\/strong>, con la compiacenza della magistratura, dimostrando l\u2019assoluta inadeguatezza dei carabinieri chiamati ad intervenire. Soggetti spesso privi di formazione, preparati solo ad un uso smodato e indiscriminato della forza nei confronti di chiunque che spesso pu\u00f2 sfociare in tragedia.<\/header>\n<p>Guarda il Video de le Iene:<\/p>\n<p>https:\/\/www.iene.mediaset.it\/video\/caso-sapia-come-morto-vincenzo_1003587.shtml<\/p>\n<p style=\"text-align: justify;\">A cura dello Staff di Avvocati senza Frontiere<\/p>\n<p style=\"text-align: justify;\">(postato il 15 marzo 2021)<\/p>\n","protected":false},"excerpt":{"rendered":"<p>Vincenzo Sapia era un ragazzo buono, inoffensivo e sorridente, di poco pi\u00f9 di 29 anni.\u00a0 Ma durante un anomalo quanto&#8230;<\/p>\n","protected":false},"author":1,"featured_media":947,"comment_status":"open","ping_status":"closed","sticky":false,"template":"","format":"standard","meta":{"footnotes":""},"categories":[29],"tags":[],"class_list":["post-944","post","type-post","status-publish","format-standard","has-post-thumbnail","hentry","category-abolire-carceri-e-t-s-o"],"_links":{"self":[{"href":"https:\/\/www.lavocedirobinhood.it\/index.php\/wp-json\/wp\/v2\/posts\/944","targetHints":{"allow":["GET"]}}],"collection":[{"href":"https:\/\/www.lavocedirobinhood.it\/index.php\/wp-json\/wp\/v2\/posts"}],"about":[{"href":"https:\/\/www.lavocedirobinhood.it\/index.php\/wp-json\/wp\/v2\/types\/post"}],"author":[{"embeddable":true,"href":"https:\/\/www.lavocedirobinhood.it\/index.php\/wp-json\/wp\/v2\/users\/1"}],"replies":[{"embeddable":true,"href":"https:\/\/www.lavocedirobinhood.it\/index.php\/wp-json\/wp\/v2\/comments?post=944"}],"version-history":[{"count":8,"href":"https:\/\/www.lavocedirobinhood.it\/index.php\/wp-json\/wp\/v2\/posts\/944\/revisions"}],"predecessor-version":[{"id":953,"href":"https:\/\/www.lavocedirobinhood.it\/index.php\/wp-json\/wp\/v2\/posts\/944\/revisions\/953"}],"wp:featuredmedia":[{"embeddable":true,"href":"https:\/\/www.lavocedirobinhood.it\/index.php\/wp-json\/wp\/v2\/media\/947"}],"wp:attachment":[{"href":"https:\/\/www.lavocedirobinhood.it\/index.php\/wp-json\/wp\/v2\/media?parent=944"}],"wp:term":[{"taxonomy":"category","embeddable":true,"href":"https:\/\/www.lavocedirobinhood.it\/index.php\/wp-json\/wp\/v2\/categories?post=944"},{"taxonomy":"post_tag","embeddable":true,"href":"https:\/\/www.lavocedirobinhood.it\/index.php\/wp-json\/wp\/v2\/tags?post=944"}],"curies":[{"name":"wp","href":"https:\/\/api.w.org\/{rel}","templated":true}]}}