{"id":83,"date":"2008-05-01T19:18:24","date_gmt":"2008-05-01T19:18:24","guid":{"rendered":"http:\/\/lambertob.koding.io\/wordpress\/?p=83"},"modified":"2008-05-01T19:18:24","modified_gmt":"2008-05-01T19:18:24","slug":"una-procura-nazionale-contro-le-morti-sul-lavoro-intervista-a-guariniello","status":"publish","type":"post","link":"https:\/\/www.lavocedirobinhood.it\/index.php\/2008\/05\/01\/una-procura-nazionale-contro-le-morti-sul-lavoro-intervista-a-guariniello\/","title":{"rendered":"UNA PROCURA NAZIONALE CONTRO LE MORTI SUL LAVORO. INTERVISTA A GUARINIELLO."},"content":{"rendered":"<p><strong><span style=\"font-size: 11pt; color: windowtext; font-family: Verdana;\"><span style=\"font-size: small;\">CONVERSAZIONE\u00a0COL\u00a0PROCURATORE DI TORINO GUARINIELLO.<\/span><\/span><\/strong><\/p>\n<p><span style=\"font-size: 11pt; color: windowtext; font-family: Verdana;\">di Santo della Volpe (giornalista).<\/span><\/p>\n<p><span style=\"font-size: 11pt; color: windowtext; font-family: Verdana;\">Serve una procura nazionale contro le morti sul lavoro.<\/span><\/p>\n<p style=\"line-height: 13.5pt;\" align=\"justify\"><span style=\"font-size: 11pt; font-family: Verdana;\">&#8220;Quando i processi durano anni, quando i reati, anche gravi, per infortuni sul lavoro o malattie professionali vanno in prescrizione, si diffonde l&#8217;impunit\u00e0, l&#8217;impressione che si possa fare a meno della prevenzione degli infortuni, perch\u00e9 tanto, anche se ti beccano, prima o poi riesci a farla franca. E di fronte a questo, anche le\u00a0 migliori leggi, come quella italiana, servono a poco&#8221;: \u00e8 seduto alla sua scrivania ingombra di carte e fascicoli, guarda nella telecamera\u00a0 e parla con calma, ma con preoccupazione, il procuratore aggiunto Raffaele Guariniello.<br \/>\nFuori dalla sua finestra, al 5\u00b0 piano del palazzo di giustizia, Torino regala una di quelle giornate uniche al mondo, con il vento caldo che ha spazzato il cielo, l&#8217;aria pulita\u00a0 e le montagne cariche di neve che si stagliano ad emiciclo dietro le case e gli alberi. <\/span><\/p>\n<p style=\"line-height: 13.5pt;\" align=\"justify\"><span style=\"font-size: 11pt; font-family: Verdana;\">Il dottor Guariniello guarda\u00a0 un attimo fuori e, quasi a prender conforto da tanta bellezza, conclude la sua risposta: &#8220;<strong>ci vuole un pool di magistrati che si dedichi solo a queste inchieste, a far rispettare le leggi sulla prevenzione e poi ad indagare rapidamente sugli incidenti, in modo che i processi si possano fare subito e con accuse precise, rilievi scientifici, una accurata ricostruzione contabile delle spese fatte e non fatte dalle aziende. Una superprocura nazionale\u00a0 contro le morti sul lavoro&#8221;.<br \/>\n<strong><span style=\"font-family: Verdana;\">Come la superprocura antimafia?<\/span><\/strong><\/strong><br \/>\n&#8220;Si, perch\u00e9 \u00e8 importante la ramificazione sul territorio, lo scambio di esperienze, la specializzazione dei magistrati che ne fanno parte. Vede, dalla inchiesta sul disastro alla Thissenkrupp, \u00e8 emersa una catena di problemi e di mancanze\u00a0 che implicano, a loro volta il controllo dell&#8217;applicazione di altre norme e leggi. <\/span><\/p>\n<p style=\"line-height: 13.5pt;\" align=\"justify\"><span style=\"font-size: 11pt; font-family: Verdana;\">Il magistrato non pu\u00f2 passare oltre,\u00a0 deve conoscere\u00a0 quelle norme e quelle sentenze della Cassazione che fanno giurisprudenza, deve capire\u00a0 le carte ed i bilanci, se vuole che il processo vada poi a buon fine, si chiuda con una sentenza giusta. Di fronte ad un disastro il Pm non pu\u00f2 farsi la preparazione in quel momento, ne va dell&#8217;inchiesta, della sua efficacia, non possiamo rischiare la prescrizione dei reati perch\u00e9 i tempi si allungano se il magistrato deve studiare ogni volta le leggi antinfortunistiche. Noi dobbiamo dare risposte rapide, ovunque, alla domanda di giustizia.&#8221;<br \/>\nPer questo Guariniello vuole chiudere l&#8217;inchiesta sulla Thyssenkrupp entro met\u00e0 febbraio, per\u00a0 dimostrare che &#8220;si pu\u00f2 fare&#8221;, per arrivare ad una sentenza dopo un processo che si prenda il proprio tempo per dare tutte le risposte alle domande dell&#8217;accusa e della difesa, ma soprattutto alla richiesta di giustizia che sale dalle famiglie delle vittime e dagli operai.\u00a0 Perch\u00e9 vuole che il processo arrivi sino alla Cassazione, senza\u00a0che si estingua per via della lunghezza dei tempi. Ed il suo ragionamento si estende\u00a0 a tutti i processi sulla salute dei lavoratori e dei cittadini, forte della sua trentennale esperienza; anche al processo\u00a0 sui morti per amianto di Casale Monferrato, appena chiuso con la presenza di ben 3000 parti lese, sperando che si arrivi alla sentenza finale\u00a0 facendo vedere alla maggior parte di quelle persone che la giustizia \u00e8 possibile, almeno con\u00a0 una sentenza che faccia &#8220;storia&#8221;, che aiuti a prevenire altre morti atroci solo per aver avuto vicino a casa o al negozio, la fabbrica di cemento amianto pi\u00f9 micidiale d&#8217;Italia.<br \/>\nMa il ragionamento del procuratore aggiunto di Torino si allarga, prendendo in mano i dati ultimi della Cassazione: i processi per morti bianche che arrivano sino alla sentenza definitiva sono una minima parte rispetto ai numeri di infortuni gravi sul lavoro.&#8221;Non parliamo poi delle malattie professionali ,che si contano sulle dita di una mano, perch\u00e9 di processi di questo tipo in Italia se ne fanno ancora meno&#8221;, aggiunge con amarezza.<br \/>\nL&#8217;osservatorio della Suprema Corte\u00a0 dice infatti che\u00a0 i processi su infortunistica e malattie professionali si &#8220;fanno solo Venezia, Padova, Milano Roma, oltre che a Torino. Sulle malattie professionali, poi, dal Sud non arriva proprio niente. Vi sono procure che, purtroppo, devono affrontare altre emergenze a scapito di queste&#8221;.<br \/>\nEd\u00a0 il pensiero corre subito alla Sicilia, a Priolo, a Messina e Milazzo, ai tanti poli industriali dove sembra che vada sempre tutto bene, solo perch\u00e9 le inchieste sono poche, dovendo i magistrati impegnarsi su mafia e contorni, specializzandosi in lotta alla criminalit\u00e0, piuttosto che in salute sul posto di lavoro. E quando succede l&#8217;incidente grave, il sostituto procuratore di turno deve imparare tutto, deve cominciare da capo ed i processi sembra sempre che finiscano nel nulla. Cos\u00ec il senso di impunit\u00e0 o di sottovalutazione dell&#8217;antinfortunistica, rischia di dilagare.<br \/>\nGuariniello\u00a0 non pu\u00f2 entrare nel merito della inchiesta Thyssenkrupp, ma per far capire cosa significa indagare in un caso come questo, spiega d&#8217;aver voluto (e dovuto), affiancare ai vigili del fuoco, ai propri tecnici e collaboratori della procura, anche dei consulenti del Politecnico di Torino ed un commercialista di fiducia che leggesse i bilanci ed i report finanziari della multinazionale tedesca, per il profilo delle spese per l&#8217;antinfortunistica e per capire se c&#8217;\u00e8 stata mancanza di sicurezza come scelta economica dell&#8217;azienda. Ha formato un vero e proprio pool investigativo. <strong>Ma in Italia sono pochi i colleghi a seguirlo su questa strada<\/strong>. Per questo propone che si istituzionalizzi questa sorta di superprocura, ramificata sul territorio in modo da superare la logica della emergenza: &#8220;non solo:&#8221; spiega ancora, &#8220;la presenza di magistrati specializzati ed impegnati nell&#8217;antinfortunistica sarebbe da stimolo per gli organismi di vigilanza sul territorio, gli ispettori del lavoro, le ASL ed ARPA. Si formerebbero dei veri pool con le competenze ben chiare ed approfondite per studiare il territorio, collaborare con le aziende che si vogliono mettere in regola e scoprire quelle che non vogliono farlo. Cos\u00ec l&#8217;intervento giudiziario diventerebbe incisivo e sistematico su tutto il territorio nazionale, come avviene in Francia&#8221;.<br \/>\nInfatti il modello del dottore Guariniello \u00e8 la &#8220;Sant\u00e8&#8221; francese. Solo che oltralpe il potere giudiziario \u00e8 legato all&#8217;esecutivo politico e quindi il modello giusto non agisce in profondit\u00e0 per mancanza di una completa autonomia dei Pm e, soprattutto, dei Gip. <\/span><\/p>\n<p style=\"line-height: 13.5pt;\" align=\"justify\"><span style=\"font-size: 11pt; font-family: Verdana;\">&#8220;In Italia invece noi abbiamo l&#8217;indipendenza dal potere politico e quindi qui potrebbe veramente funzionare&#8221; conclude Guariniello, fornendoci poi materiale per altri approfondimenti, ad esempio sulle circolari amministrative dei ministeri che spesso vanificano le leggi appena approvate. C&#8217;\u00e8 materia per un altro servizio.<br \/>\nMa il tempo dell&#8217;intervista \u00e8 finito: fuori dalla porta sono gi\u00e0 in attesa alcuni operai della Thyssen co<br \/>\nn delle fotografie in mano: rappresentano alcune\u00a0 lavorazioni che facevano in fabbrica, situazioni di mancanza di sicurezza ordinaria che ora portano all&#8217;inchiesta del procuratore aggiunto. Chiss\u00e0, potrebbero servire.<br \/>\nFuori dal palazzo di giustizia il vento\u00a0 fa volare le foglie. E davanti allo stabilimento, l\u00ec in fondo a Corso Regina Margherita, dove la scritta Thssenkrupp sembra staccarsi dalle vette imbiancate della Val di Susa, i mazzi di fiori, le fotografie dei 7 operai morti\u00a0, ogni tanto si staccano dal platano che le\u00a0 ospita, come in un sacrario,da quella notte del 6 dicembre.<br \/>\nCiro ed altri ragazzi del Consiglio di fabbrica, le raccolgono, riattaccano le foto con le puntine, rimettono i fiori al loro posto, sotto i messaggi delle tante persone che qui sono venuti a portare un pensiero,una commozione. Sono 150 gli operai fuori dai cancelli ancora chiusi della acciaieria, che forse non riaprir\u00e0 pi\u00f9: per loro le promesse\u00a0 sono fioccate, anche dal recente consiglio di amministrazione della Thyssenkrupp, &#8220;ma sinora non abbiamo visto niente, neanche una convocazione, un \u2018tavolo&#8217; al quale sederci con azienda, sindacato e,speriamo, il ministro del\u00a0 lavoro&#8221; dice Ciro Argentino.<br \/>\nEd intanto la crisi, incombente o nei fatti del governo,\u00a0 li lascia spaesati,dentro il vento che fa alzare in cielo le foglie secche, le fotografie dei loro compagni morti e le speranze di trovare\u00a0 presto un lavoro per il futuro, una giustizia per la tragedia del passato.<\/span><\/p>\n<p style=\"line-height: 13.5pt;\" align=\"justify\"><span style=\"font-size: 11pt; font-family: Verdana;\">Santo Della Volpe (giornalista)<\/span><\/p>\n<p style=\"line-height: 27pt;\">\n","protected":false},"excerpt":{"rendered":"<p>CONVERSAZIONE\u00a0COL\u00a0PROCURATORE DI TORINO GUARINIELLO. di Santo della Volpe (giornalista). Serve una procura nazionale contro le morti sul lavoro. &#8220;Quando i&#8230;<\/p>\n","protected":false},"author":2,"featured_media":397,"comment_status":"open","ping_status":"open","sticky":false,"template":"","format":"standard","meta":{"footnotes":""},"categories":[10],"tags":[],"class_list":["post-83","post","type-post","status-publish","format-standard","has-post-thumbnail","hentry","category-interviste"],"_links":{"self":[{"href":"https:\/\/www.lavocedirobinhood.it\/index.php\/wp-json\/wp\/v2\/posts\/83","targetHints":{"allow":["GET"]}}],"collection":[{"href":"https:\/\/www.lavocedirobinhood.it\/index.php\/wp-json\/wp\/v2\/posts"}],"about":[{"href":"https:\/\/www.lavocedirobinhood.it\/index.php\/wp-json\/wp\/v2\/types\/post"}],"author":[{"embeddable":true,"href":"https:\/\/www.lavocedirobinhood.it\/index.php\/wp-json\/wp\/v2\/users\/2"}],"replies":[{"embeddable":true,"href":"https:\/\/www.lavocedirobinhood.it\/index.php\/wp-json\/wp\/v2\/comments?post=83"}],"version-history":[{"count":0,"href":"https:\/\/www.lavocedirobinhood.it\/index.php\/wp-json\/wp\/v2\/posts\/83\/revisions"}],"wp:featuredmedia":[{"embeddable":true,"href":"https:\/\/www.lavocedirobinhood.it\/index.php\/wp-json\/wp\/v2\/media\/397"}],"wp:attachment":[{"href":"https:\/\/www.lavocedirobinhood.it\/index.php\/wp-json\/wp\/v2\/media?parent=83"}],"wp:term":[{"taxonomy":"category","embeddable":true,"href":"https:\/\/www.lavocedirobinhood.it\/index.php\/wp-json\/wp\/v2\/categories?post=83"},{"taxonomy":"post_tag","embeddable":true,"href":"https:\/\/www.lavocedirobinhood.it\/index.php\/wp-json\/wp\/v2\/tags?post=83"}],"curies":[{"name":"wp","href":"https:\/\/api.w.org\/{rel}","templated":true}]}}