{"id":670,"date":"2018-12-31T19:22:54","date_gmt":"2018-12-31T19:22:54","guid":{"rendered":"http:\/\/www.lavocedirobinhood.it\/?p=670"},"modified":"2020-12-30T14:55:16","modified_gmt":"2020-12-30T14:55:16","slug":"di-prigione-si-muore-dalle-carceri-della-morte-alla-morte-delle-carceri","status":"publish","type":"post","link":"https:\/\/www.lavocedirobinhood.it\/index.php\/2018\/12\/31\/di-prigione-si-muore-dalle-carceri-della-morte-alla-morte-delle-carceri\/","title":{"rendered":"DI PRIGIONE SI MUORE. DALLE CARCERI DELLA MORTE ALLA MORTE DELLE CARCERI."},"content":{"rendered":"<div style=\"margin: 0px; text-align: justify; color: #000000; text-transform: none; line-height: normal; text-indent: 0px; letter-spacing: normal; font-family: 'Helvetica Neue', Helvetica, Arial, 'Lucida Grande', sans-serif; font-size: 16px; font-style: normal; font-weight: 400; word-spacing: 0px; white-space: normal; orphans: 2; widows: 2; font-variant-ligatures: normal; font-variant-caps: normal; -webkit-text-stroke-width: 0px; text-decoration-style: initial; text-decoration-color: initial;\"><a href=\"https:\/\/www.lavocedirobinhood.it\/index.php\/2018\/12\/31\/di-prigione-si-muore-dalle-carceri-della-morte-alla-morte-delle-carceri\/dei_delitti_e_delle_pene-2\/\" rel=\"attachment wp-att-672\">\u00a0<\/a><\/div>\n<div style=\"margin: 0px; text-align: justify; color: #000000; text-transform: none; line-height: normal; text-indent: 0px; letter-spacing: normal; font-family: 'Helvetica Neue', Helvetica, Arial, 'Lucida Grande', sans-serif; font-size: 16px; font-style: normal; font-weight: 400; word-spacing: 0px; white-space: normal; orphans: 2; widows: 2; font-variant-ligatures: normal; font-variant-caps: normal; -webkit-text-stroke-width: 0px; text-decoration-style: initial; text-decoration-color: initial;\"><\/div>\n<div id=\"yiv3852882241yui_3_16_0_ym19_1_1546276648872_14619\" style=\"margin: 0px; text-align: justify; color: #000000; text-transform: none; line-height: normal; text-indent: 0px; letter-spacing: normal; font-family: 'Helvetica Neue', Helvetica, Arial, 'Lucida Grande', sans-serif; font-size: 16px; font-style: normal; font-weight: 400; word-spacing: 0px; white-space: normal; orphans: 2; widows: 2; font-variant-ligatures: normal; font-variant-caps: normal; -webkit-text-stroke-width: 0px; text-decoration-style: initial; text-decoration-color: initial;\"><b id=\"yiv3852882241yui_3_16_0_ym19_1_1546276648872_14620\"><span id=\"yiv3852882241yui_3_16_0_ym19_1_1546276648872_14621\">Lettera aperta al Ministro della Giustizia, al Presidente del Consiglio e al Presidente della Repubblica<\/span><\/b><\/div>\n<div style=\"margin: 0px; text-align: justify; color: #000000; text-transform: none; line-height: normal; text-indent: 0px; letter-spacing: normal; font-family: 'Helvetica Neue', Helvetica, Arial, 'Lucida Grande', sans-serif; font-size: 16px; font-style: normal; font-weight: 400; word-spacing: 0px; white-space: normal; orphans: 2; widows: 2; font-variant-ligatures: normal; font-variant-caps: normal; -webkit-text-stroke-width: 0px; text-decoration-style: initial; text-decoration-color: initial;\">A cura di Pietro Palau Giovannetti (Presidente di Avvocati senza Frontiere)<\/div>\n<div id=\"yiv3852882241yui_3_16_0_ym19_1_1546276648872_14623\" style=\"margin: 0px; text-align: justify; color: #000000; text-transform: none; line-height: normal; text-indent: 0px; letter-spacing: normal; font-family: 'Helvetica Neue', Helvetica, Arial, 'Lucida Grande', sans-serif; font-size: 16px; font-style: normal; font-weight: 400; word-spacing: 0px; white-space: normal; orphans: 2; widows: 2; font-variant-ligatures: normal; font-variant-caps: normal; -webkit-text-stroke-width: 0px; text-decoration-style: initial; text-decoration-color: initial;\"><span id=\"yiv3852882241yui_3_16_0_ym19_1_1546276648872_14624\">\u00a0<\/span><\/div>\n<div id=\"yiv3852882241yui_3_16_0_ym19_1_1546276648872_14625\" style=\"margin: 0px; text-align: justify; color: #000000; text-transform: none; line-height: normal; text-indent: 0px; letter-spacing: normal; font-family: 'Helvetica Neue', Helvetica, Arial, 'Lucida Grande', sans-serif; font-size: 16px; font-style: normal; font-weight: 400; word-spacing: 0px; white-space: normal; orphans: 2; widows: 2; font-variant-ligatures: normal; font-variant-caps: normal; -webkit-text-stroke-width: 0px; text-decoration-style: initial; text-decoration-color: initial;\"><span id=\"yiv3852882241yui_3_16_0_ym19_1_1546276648872_14626\">A nome dell\u2019Associazione che rappresento e degli italiani pensanti che si riconoscono nei princ\u00ecpi dell\u2019Illuminismo, delle libert\u00e0 fondamentali e dei diritti umani, Vi invito ad aiutarci a far uscire il nostro Paese dal buio dell&#8217;economia medievale del castigo e del supplizio dei corpi e dell\u2019anima. Ditelo insieme a noi: \u00ab<b id=\"yiv3852882241yui_3_16_0_ym19_1_1546276648872_14627\">Io sto con Cesare Beccaria!<\/b><a id=\"yiv3852882241yui_3_16_0_ym19_1_1546276648872_14628\" rel=\"nofollow\" name=\"_Hlk534042880\"><\/a><span id=\"yiv3852882241yui_3_16_0_ym19_1_1546276648872_14629\" style=\"color: #000000;\">\u00bb.<\/span><\/span><\/div>\n<div id=\"yiv3852882241yui_3_16_0_ym19_1_1546276648872_14630\" style=\"margin: 0px; text-align: justify; color: #000000; text-transform: none; line-height: normal; text-indent: 0px; letter-spacing: normal; font-family: 'Helvetica Neue', Helvetica, Arial, 'Lucida Grande', sans-serif; font-size: 16px; font-style: normal; font-weight: 400; word-spacing: 0px; white-space: normal; orphans: 2; widows: 2; font-variant-ligatures: normal; font-variant-caps: normal; -webkit-text-stroke-width: 0px; text-decoration-style: initial; text-decoration-color: initial;\"><span id=\"yiv3852882241yui_3_16_0_ym19_1_1546276648872_14631\">Fate sentire la voce delle\u00a0<b id=\"yiv3852882241yui_3_16_0_ym19_1_1546276648872_14632\">67 vittime sacrificali<\/b>\u00a0che anche quest\u2019anno si sono suicidate in carcere per disperazione.<\/span><\/div>\n<div id=\"yiv3852882241yui_3_16_0_ym19_1_1546276648872_14633\" style=\"margin: 0px; text-align: justify; color: #000000; text-transform: none; line-height: normal; text-indent: 0px; letter-spacing: normal; font-family: 'Helvetica Neue', Helvetica, Arial, 'Lucida Grande', sans-serif; font-size: 16px; font-style: normal; font-weight: 400; word-spacing: 0px; white-space: normal; orphans: 2; widows: 2; font-variant-ligatures: normal; font-variant-caps: normal; -webkit-text-stroke-width: 0px; text-decoration-style: initial; text-decoration-color: initial;\"><span id=\"yiv3852882241yui_3_16_0_ym19_1_1546276648872_14634\">E&#8217; di Natale la notizia che un operaio, malato cronico \u00e8 morto in cella, vedendosi negare per tre volte i domiciliari, seppure detenuto per reati lievi, per cui non avrebbe dovuto neppure entrare in carcere, avendo diritto di usufruire di misure alternative. Lasciare morire in cella un uomo malato bisognoso di cure \u00e8 un gravissimo crimine sociale. Cos\u00ec come lo \u00e8 privare della libert\u00e0 e di ogni speranza oltre 60.000 detenuti, sino a spingere molti di essi al suicidio. Degli ultimi tre suicidi di Stato dei giorni scorsi, quello pi\u00f9 emblematico dell\u2019agghiacciante arretratezza culturale e morale della Giustizia italiana \u00e8 la morte di\u00a0<b id=\"yiv3852882241yui_3_16_0_ym19_1_1546276648872_14635\">Daniele Giordano<\/b>, noto alle cronache come il \u201cladro di merendine\u201d, tanto da essere stato ribattezzato \u201c<i id=\"yiv3852882241yui_3_16_0_ym19_1_1546276648872_14636\">serial Kinder<\/i>\u201d, per avere rubato 68 confezioni per un valore di circa 200 euro. Sottoposto alla sorveglianza speciale con obbligo di soggiorno \u00e8 stato rispedito in carcere, dove si \u00e8 poi suicidato nel bagno della cella, con un lenzuolo legato alla finestra, quando avrebbe avuto bisogno solo di cure per liberarsi dall\u2019ossessione di rubare merendine Kinder dai supermercati della sua citt\u00e0 (Catania).<\/span><\/div>\n<div id=\"yiv3852882241yui_3_16_0_ym19_1_1546276648872_14637\" style=\"margin: 0px; text-align: justify; color: #000000; text-transform: none; line-height: normal; text-indent: 0px; letter-spacing: normal; font-family: 'Helvetica Neue', Helvetica, Arial, 'Lucida Grande', sans-serif; font-size: 16px; font-style: normal; font-weight: 400; word-spacing: 0px; white-space: normal; orphans: 2; widows: 2; font-variant-ligatures: normal; font-variant-caps: normal; -webkit-text-stroke-width: 0px; text-decoration-style: initial; text-decoration-color: initial;\"><span id=\"yiv3852882241yui_3_16_0_ym19_1_1546276648872_14638\">La certezza della pena non \u00e8 riempire le carceri di poveri cristi, malati, anziani, tossicodipendenti, extracomunitari, soggetti svantaggiati e nullatenenti, spesso internati per reati di lieve entit\u00e0 a pene sproporzionate e degradanti.<\/span><\/div>\n<div id=\"yiv3852882241yui_3_16_0_ym19_1_1546276648872_14639\" style=\"margin: 0px; text-align: justify; color: #000000; text-transform: none; line-height: normal; text-indent: 0px; letter-spacing: normal; font-family: 'Helvetica Neue', Helvetica, Arial, 'Lucida Grande', sans-serif; font-size: 16px; font-style: normal; font-weight: 400; word-spacing: 0px; white-space: normal; orphans: 2; widows: 2; font-variant-ligatures: normal; font-variant-caps: normal; -webkit-text-stroke-width: 0px; text-decoration-style: initial; text-decoration-color: initial;\"><span id=\"yiv3852882241yui_3_16_0_ym19_1_1546276648872_14640\">Va imprigionato solo chi \u00e8 socialmente pericoloso, chi pu\u00f2 ancora uccidere, rapinare, corrompere o, usare violenza su donne e bambini, chi pu\u00f2 ancora ricattare, estorcere e rubare danaro pubblico, chi pu\u00f2 ancora abusare della sua posizione dominante, dopo avere assicurato tutte le garanzie costituzionali del giusto processo.\u00a0<b id=\"yiv3852882241yui_3_16_0_ym19_1_1546276648872_14641\">Ma che senso pu\u00f2 avere oggi la singolare pretesa di rinchiudere solo la povera gente?<\/b><\/span><\/div>\n<div id=\"yiv3852882241yui_3_16_0_ym19_1_1546276648872_14642\" style=\"margin: 0px; text-align: justify; color: #000000; text-transform: none; line-height: normal; text-indent: 0px; letter-spacing: normal; font-family: 'Helvetica Neue', Helvetica, Arial, 'Lucida Grande', sans-serif; font-size: 16px; font-style: normal; font-weight: 400; word-spacing: 0px; white-space: normal; orphans: 2; widows: 2; font-variant-ligatures: normal; font-variant-caps: normal; -webkit-text-stroke-width: 0px; text-decoration-style: initial; text-decoration-color: initial;\"><span id=\"yiv3852882241yui_3_16_0_ym19_1_1546276648872_14643\">Questo sistema penitenziario \u00e8 privo di qualsiasi umanit\u00e0 e giustificazione etica, morale, politica. E\u2019 una barbarie, una reminiscenza ereditata dalle segrete medievali, senza alcun contenuto pedagogico, curativo, correttivo, rieducativo. Nelle moderne \u00ab<b id=\"yiv3852882241yui_3_16_0_ym19_1_1546276648872_14644\">citt\u00e0 della sofferenza<\/b>\u00bb, corpi e anima si trovano irretiti in un sistema di costrizioni e privazioni, di obblighi e divieti, continui e laceranti, che soffocano ogni speranza e lo stesso desiderio di vivere.<\/span><\/div>\n<div id=\"yiv3852882241yui_3_16_0_ym19_1_1546276648872_14645\" style=\"margin: 0px; text-align: justify; color: #000000; text-transform: none; line-height: normal; text-indent: 0px; letter-spacing: normal; font-family: 'Helvetica Neue', Helvetica, Arial, 'Lucida Grande', sans-serif; font-size: 16px; font-style: normal; font-weight: 400; word-spacing: 0px; white-space: normal; orphans: 2; widows: 2; font-variant-ligatures: normal; font-variant-caps: normal; -webkit-text-stroke-width: 0px; text-decoration-style: initial; text-decoration-color: initial;\"><span id=\"yiv3852882241yui_3_16_0_ym19_1_1546276648872_14646\">Il castigo \u00e8 passato dai patiboli innalzati nelle piazze, dove venivano esercitati in pubblico supplizi insopportabili, sino alla morte, ad una violenza privata sistematica di diritti sospesi, consumata in silenzio all\u2019interno delle oscure e pi\u00f9 discrete mura carcerarie, straziando e manipolando i corpi e l\u2019anima dei giustiziandi. Un supplizio moderno che agisce sui cuori, le menti, i desideri e la volont\u00e0, con l\u2019obiettivo di renderli docili e farli morire dentro.<\/span><\/div>\n<div id=\"yiv3852882241yui_3_16_0_ym19_1_1546276648872_14647\" style=\"margin: 0px; text-align: justify; color: #000000; text-transform: none; line-height: normal; text-indent: 0px; letter-spacing: normal; font-family: 'Helvetica Neue', Helvetica, Arial, 'Lucida Grande', sans-serif; font-size: 16px; font-style: normal; font-weight: 400; word-spacing: 0px; white-space: normal; orphans: 2; widows: 2; font-variant-ligatures: normal; font-variant-caps: normal; -webkit-text-stroke-width: 0px; text-decoration-style: initial; text-decoration-color: initial;\"><span id=\"yiv3852882241yui_3_16_0_ym19_1_1546276648872_14648\">\u00a0<\/span><\/div>\n<div id=\"yiv3852882241yui_3_16_0_ym19_1_1546276648872_14649\" style=\"margin: 0px; text-align: justify; color: #000000; text-transform: none; line-height: normal; text-indent: 0px; letter-spacing: normal; font-family: 'Helvetica Neue', Helvetica, Arial, 'Lucida Grande', sans-serif; font-size: 16px; font-style: normal; font-weight: 400; word-spacing: 0px; white-space: normal; orphans: 2; widows: 2; font-variant-ligatures: normal; font-variant-caps: normal; -webkit-text-stroke-width: 0px; text-decoration-style: initial; text-decoration-color: initial;\"><span id=\"yiv3852882241yui_3_16_0_ym19_1_1546276648872_14650\">Lei stesso Ministro Bonafede ha di recente ricordato che<span id=\"yiv3852882241yui_3_16_0_ym19_1_1546276648872_14651\">\u00a0\u00a0<\/span>i &#8220;colletti bianchi&#8221; rappresentano solo lo 0,6% dell&#8217;intera popolazione detenuta e che, in relazione all&#8217;alta percentuale di suicidi, &#8220;<b id=\"yiv3852882241yui_3_16_0_ym19_1_1546276648872_14652\"><i id=\"yiv3852882241yui_3_16_0_ym19_1_1546276648872_14653\">\u00e8 inaccettabile che in uno stato di diritto un detenuto possa preferire la morte al carcere<\/i><\/b>&#8220;. Cosa che io stesso mi sono, mio malgrado, trovato a desiderare, proprio in questi giorni, quando lo scorso anno ero stato ingiustamente privato della mia libert\u00e0 personale, a Rebibbia, in una cella gelida e fatiscente, solo per avere denunciato la vasta corruzione della magistratura italiana.<\/span><\/div>\n<div id=\"yiv3852882241yui_3_16_0_ym19_1_1546276648872_14654\" style=\"margin: 0px; text-align: justify; color: #000000; text-transform: none; line-height: normal; text-indent: 0px; letter-spacing: normal; font-family: 'Helvetica Neue', Helvetica, Arial, 'Lucida Grande', sans-serif; font-size: 16px; font-style: normal; font-weight: 400; word-spacing: 0px; white-space: normal; orphans: 2; widows: 2; font-variant-ligatures: normal; font-variant-caps: normal; -webkit-text-stroke-width: 0px; text-decoration-style: initial; text-decoration-color: initial;\"><span id=\"yiv3852882241yui_3_16_0_ym19_1_1546276648872_14655\">\u00a0<\/span><\/div>\n<div id=\"yiv3852882241yui_3_16_0_ym19_1_1546276648872_14656\" style=\"margin: 0px; text-align: justify; color: #000000; text-transform: none; line-height: normal; text-indent: 0px; letter-spacing: normal; font-family: 'Helvetica Neue', Helvetica, Arial, 'Lucida Grande', sans-serif; font-size: 16px; font-style: normal; font-weight: 400; word-spacing: 0px; white-space: normal; orphans: 2; widows: 2; font-variant-ligatures: normal; font-variant-caps: normal; -webkit-text-stroke-width: 0px; text-decoration-style: initial; text-decoration-color: initial;\"><span id=\"yiv3852882241yui_3_16_0_ym19_1_1546276648872_14657\">Mi permetto quindi di suggerire che la soluzione non sta nel costruire nuove carceri, assumere nuovo personale, restringere l&#8217;accesso alle misure alternative o inasprire le pene e il regime carcerario, gi\u00e0 di per s\u00e9 molto duro, tanto da spingere molti detenuti al suicidio. Ma, nell\u2019inaugurare, nel 2019, una nuova era dei diritti, dando fiducia e speranza anche ai soggetti pi\u00f9 deboli che hanno commesso dei reati, senza farli marcire nelle patrie galere. Lasciate la sottocultura della galera alla miserabile propaganda di coloro ai quali consiglio di andarsi a rileggere Cesare Beccaria (se mai lo hanno letto) o, di provare a far visita anche una sola volta ad un carcere, dove molto spesso sono reclusi vittime innocenti di errori giudiziari o perseguitati politici dell\u2019ancien r\u00e9gime.<\/span><\/div>\n<div id=\"yiv3852882241yui_3_16_0_ym19_1_1546276648872_14658\" style=\"margin: 0px; text-align: justify; color: #000000; text-transform: none; line-height: normal; text-indent: 0px; letter-spacing: normal; font-family: 'Helvetica Neue', Helvetica, Arial, 'Lucida Grande', sans-serif; font-size: 16px; font-style: normal; font-weight: 400; word-spacing: 0px; white-space: normal; orphans: 2; widows: 2; font-variant-ligatures: normal; font-variant-caps: normal; -webkit-text-stroke-width: 0px; text-decoration-style: initial; text-decoration-color: initial;\"><span id=\"yiv3852882241yui_3_16_0_ym19_1_1546276648872_14659\">\u00a0<\/span><\/div>\n<div id=\"yiv3852882241yui_3_16_0_ym19_1_1546276648872_14660\" style=\"margin: 0px; text-align: justify; color: #000000; text-transform: none; line-height: normal; text-indent: 0px; letter-spacing: normal; font-family: 'Helvetica Neue', Helvetica, Arial, 'Lucida Grande', sans-serif; font-size: 16px; font-style: normal; font-weight: 400; word-spacing: 0px; white-space: normal; orphans: 2; widows: 2; font-variant-ligatures: normal; font-variant-caps: normal; -webkit-text-stroke-width: 0px; text-decoration-style: initial; text-decoration-color: initial;\"><b id=\"yiv3852882241yui_3_16_0_ym19_1_1546276648872_14661\"><span id=\"yiv3852882241yui_3_16_0_ym19_1_1546276648872_14662\">Noi cittadini comuni chiediamo GIUSTIZIA vera e subito<\/span><\/b><span id=\"yiv3852882241yui_3_16_0_ym19_1_1546276648872_14663\">. I diritti negati non possono aspettare. Bisogna cambiare le logiche corrotte e anacronistiche del sistema giudiziario proteso a difendere ad oltranza gli interessi delle \u00e9lite dominanti, che soffocano la crescita democratica e inquinano le regole del processo. Il Paese abbisogna solo di magistrati liberi e indipendenti non asserviti ai partiti. Un Governo del Cambiamento deve avere il coraggio di fare una rivoluzione culturale, cacciando le molte mele marce, spesso annidate nei pi\u00f9 alti gangli di comando delle procure italiane e del C.S.M., che impediscono l\u2019esercizio dell\u2019azione giudiziaria nei confronti di soggetti in posizione dominante, sancito dall\u2019art. 112 Cost. (principio dell\u2019obbligatoriet\u00e0 dell\u2019azione penale), calpestando il principio di uguaglianza dei cittadini di fronte alla legge (art. 3) e il principio di legalit\u00e0 (art. 25 c. 2), intimamente collegati al principio dell\u2019indipendenza esterna (o, anche detta, \u201cindipendenza istituzionale\u201d) dei pubblici ministeri, discostandosi da un passato autoritario (quello fascista), ove la soggezione dei P.M. al Ministro della Giustizia, di fatto nullificava la concreta applicabilit\u00e0 dell\u2019omologo principio, pur se anche allora formalmente espresso.\u00a0<span id=\"yiv3852882241yui_3_16_0_ym19_1_1546276648872_14664\">\u00a0<\/span>A mio sommesso avviso, se si vuole veramente restituire alla Giustizia la sua pi\u00f9 nobile funzione bisogna rieducare alla legalit\u00e0 e al rispetto dei diritti umani, per primi coloro che l&#8217;amministrano: magistrati, avvocati, forze dell&#8217;ordine, polizia penitenziaria. La lentezza della giustizia e l&#8217;enorme carico di processi dipendono solo dal disegno criminogeno di negare i pi\u00f9 elementari diritti dei cittadini, ritardando all&#8217;infinito il riconoscimento delle libert\u00e0 fondamentali, quali il lavoro, la casa, la sicurezza, la buona sanit\u00e0 e amministrazione della cosa pubblica, l&#8217;accesso al credito, alla giustizia giusta.<\/span><\/div>\n<div id=\"yiv3852882241yui_3_16_0_ym19_1_1546276648872_14665\" style=\"margin: 0px; text-align: justify; color: #000000; text-transform: none; line-height: normal; text-indent: 0px; letter-spacing: normal; font-family: 'Helvetica Neue', Helvetica, Arial, 'Lucida Grande', sans-serif; font-size: 16px; font-style: normal; font-weight: 400; word-spacing: 0px; white-space: normal; orphans: 2; widows: 2; font-variant-ligatures: normal; font-variant-caps: normal; -webkit-text-stroke-width: 0px; text-decoration-style: initial; text-decoration-color: initial;\"><span id=\"yiv3852882241yui_3_16_0_ym19_1_1546276648872_14666\">\u00a0<\/span><\/div>\n<div id=\"yiv3852882241yui_3_16_0_ym19_1_1546276648872_14667\" dir=\"ltr\" style=\"margin: 0px; text-align: justify; color: #000000; text-transform: none; line-height: normal; text-indent: 0px; letter-spacing: normal; font-family: 'Helvetica Neue', Helvetica, Arial, 'Lucida Grande', sans-serif; font-size: 16px; font-style: normal; font-weight: 400; word-spacing: 0px; white-space: normal; orphans: 2; widows: 2; font-variant-ligatures: normal; font-variant-caps: normal; -webkit-text-stroke-width: 0px; text-decoration-style: initial; text-decoration-color: initial;\">\n<p><span id=\"yiv3852882241yui_3_16_0_ym19_1_1546276648872_14668\">Rivolgo quindi a Voi Sig. Ministro della Giustizia, Sig. Presidente del Consiglio e Sig. Presidente della Repubblica,\u00a0<span id=\"yiv3852882241yui_3_16_0_ym19_1_1546276648872_14669\">\u00a0<\/span><span id=\"yiv3852882241yui_3_16_0_ym19_1_1546276648872_14670\">\u00a0<\/span>quest\u2019ultimo appello di fine anno di affermare a chiare lettere, senza se e senza ma: \u00ab<b id=\"yiv3852882241yui_3_16_0_ym19_1_1546276648872_14671\">Io sto con Cesare Beccaria!<\/b>\u00bb.\u00a0<span id=\"yiv3852882241yui_3_16_0_ym19_1_1546276648872_14672\">\u00a0<\/span>Se volete essere veramente rappresentativi di tutti gli italiani ed orgogliosi di avere fatto qualcosa di veramente utile per il Paese, Vi invito ad incontrare le Associazioni che lottano da decenni per l&#8217;affermazione dei diritti e della legalit\u00e0, facendo piazza pulita degli infedeli servitori dello Stato. Noi sappiamo chi sono e basterebbero poche indagini patrimoniali per smascherarli tutti.<\/span><\/p>\n<\/div>\n","protected":false},"excerpt":{"rendered":"<p>\u00a0 Lettera aperta al Ministro della Giustizia, al Presidente del Consiglio e al Presidente della Repubblica A cura di Pietro&#8230;<\/p>\n","protected":false},"author":5,"featured_media":672,"comment_status":"closed","ping_status":"closed","sticky":false,"template":"","format":"image","meta":{"footnotes":""},"categories":[29,5],"tags":[],"class_list":["post-670","post","type-post","status-publish","format-image","has-post-thumbnail","hentry","category-abolire-carceri-e-t-s-o","category-dalla-parte-della-giustizia","post_format-post-format-image"],"_links":{"self":[{"href":"https:\/\/www.lavocedirobinhood.it\/index.php\/wp-json\/wp\/v2\/posts\/670","targetHints":{"allow":["GET"]}}],"collection":[{"href":"https:\/\/www.lavocedirobinhood.it\/index.php\/wp-json\/wp\/v2\/posts"}],"about":[{"href":"https:\/\/www.lavocedirobinhood.it\/index.php\/wp-json\/wp\/v2\/types\/post"}],"author":[{"embeddable":true,"href":"https:\/\/www.lavocedirobinhood.it\/index.php\/wp-json\/wp\/v2\/users\/5"}],"replies":[{"embeddable":true,"href":"https:\/\/www.lavocedirobinhood.it\/index.php\/wp-json\/wp\/v2\/comments?post=670"}],"version-history":[{"count":7,"href":"https:\/\/www.lavocedirobinhood.it\/index.php\/wp-json\/wp\/v2\/posts\/670\/revisions"}],"predecessor-version":[{"id":677,"href":"https:\/\/www.lavocedirobinhood.it\/index.php\/wp-json\/wp\/v2\/posts\/670\/revisions\/677"}],"wp:featuredmedia":[{"embeddable":true,"href":"https:\/\/www.lavocedirobinhood.it\/index.php\/wp-json\/wp\/v2\/media\/672"}],"wp:attachment":[{"href":"https:\/\/www.lavocedirobinhood.it\/index.php\/wp-json\/wp\/v2\/media?parent=670"}],"wp:term":[{"taxonomy":"category","embeddable":true,"href":"https:\/\/www.lavocedirobinhood.it\/index.php\/wp-json\/wp\/v2\/categories?post=670"},{"taxonomy":"post_tag","embeddable":true,"href":"https:\/\/www.lavocedirobinhood.it\/index.php\/wp-json\/wp\/v2\/tags?post=670"}],"curies":[{"name":"wp","href":"https:\/\/api.w.org\/{rel}","templated":true}]}}