{"id":622,"date":"2018-07-13T16:47:09","date_gmt":"2018-07-13T16:47:09","guid":{"rendered":"http:\/\/www.lavocedirobinhood.it\/?p=622"},"modified":"2018-07-19T10:35:43","modified_gmt":"2018-07-19T10:35:43","slug":"corriere-della-sera-condannato-per-le-fake-news-su-palau-giovannetti-pietro-e-movimento-per-la-giustizia-robin-hood","status":"publish","type":"post","link":"https:\/\/www.lavocedirobinhood.it\/index.php\/2018\/07\/13\/corriere-della-sera-condannato-per-le-fake-news-su-palau-giovannetti-pietro-e-movimento-per-la-giustizia-robin-hood\/","title":{"rendered":"Corriere della Sera condannato per le fake news su Palau Giovannetti Pietro e Movimento per la Giustizia Robin Hood"},"content":{"rendered":"<p><strong><strong><strong><a href=\"https:\/\/www.lavocedirobinhood.it\/index.php\/2017\/11\/28\/intervista-a-pietro-palau-giovannetti-arrestato-ad-atene-in-base-ad-un-illegale-mandato-europeo-emesso-dal-p-g-di-milano\/img_pietro\/\" rel=\"attachment wp-att-529\"><img loading=\"lazy\" decoding=\"async\" class=\"alignnone size-medium wp-image-529\" src=\"https:\/\/www.lavocedirobinhood.it\/wp-content\/uploads\/2017\/11\/IMG_pietro-225x300.jpg\" alt=\"IMG_pietro\" width=\"225\" height=\"300\" srcset=\"https:\/\/www.lavocedirobinhood.it\/wp-content\/uploads\/2017\/11\/IMG_pietro-225x300.jpg 225w, https:\/\/www.lavocedirobinhood.it\/wp-content\/uploads\/2017\/11\/IMG_pietro-112x150.jpg 112w, https:\/\/www.lavocedirobinhood.it\/wp-content\/uploads\/2017\/11\/IMG_pietro.jpg 500w\" sizes=\"auto, (max-width: 225px) 100vw, 225px\" \/><\/a><\/strong><\/strong><\/strong><\/p>\n<p><strong><strong><a href=\"https:\/\/www.lavocedirobinhood.it\/wp-content\/uploads\/2017\/11\/IMG_pietro.jpg\" rel=\"prettyphoto[622]\"><strong>Il Tribunale di Milano con Ordinanza 12\/7\/2018 ha condannato il Corriere della Sera a pubblicare la rettifica delle fake news diffuse sul conto di Pietro Palau Giovannetti e della ONLUS Movimento per la Giustizia Robin Hood &#8211; Avvocati senza Frontiere.<\/strong><\/a><\/strong><\/strong><\/p>\n<p>Si tratta di un provvedimento d&#8217;urgenza, ex art. 700 c.p.c., che finalmente spezza il fitto silenzio-stampa su uno dei casi pi\u00f9 eclatanti di malagiustizia in Italia nei confronti di un difensore dei diritti umani.<\/p>\n<p>Ecco il testo integrale della rettifica pubblicata oggi a pag. 9 sulla Cronaca di Milano dal quotidiano che per\u00f2 sottace maliziosamente che tale pubblicazione \u00e8 avvenuta solo dietro ordine del Tribunale di Milano, in sede di reclamo cautelare, e non spontaneamente, come sarebbe stato ragionevole per un quotidiano libero e indipendente.<\/p>\n<p>Inoltre, \u00e8 doveroso mettere in luce che tale rettifica viene falsamente attribuita allo stesso Pietro Palau Giovannetti, quando invece \u00e8 stata richiesta e\u00a0sottoscritta da uno dei\u00a0legali dell&#8217;Associazione, che ha promosso\u00a0il vittorioso giudizio nei confronti del Corriere della Sera &#8211; R.C.S. Mediagroup S.p.A.<\/p>\n<p>&nbsp;<\/p>\n<p>Si \u00e8 voluto, insomma, in\u00a0tal modo evitare di rendere di pubblico dominio la pendenza del giudizio e la relativa\u00a0d\u00e9b\u00e2cle giudiziaria,<strong>\u00a0ovvero che anche un quotidiano espressione dei poteri forti pu\u00f2 essere tenuto a rispondere di pubblicazioni diffamatorie, atte a screditare gli avversari politici, soffocando qualsiasi diritto di replica. \u00a0\u00a0\u00a0<\/strong><\/p>\n<p>Basti pensare che il Direttore responsabile del quotidiano che ha scritto l&#8217;articolo diffamatorio pretendeva di pubblicare solo alcuni stralci della rettifica, svilendone il contenuto, operando una censura che tanto ricorda il &#8220;<strong>Ministero della Verit\u00e0<\/strong>&#8220;, descritto da G. Orwell in &#8220;1984&#8221;,\u00a0dimenticando che &#8220;Quando la verit\u00e0 non \u00e8 libera, la verit\u00e0 non \u00e8 vera&#8221;\u00a0(Jacques Pr\u00e9vert).<\/p>\n<p>&nbsp;<\/p>\n<p><strong>La rettifica<\/strong><\/p>\n<p>In merito all\u2019articolo 1.11.2017: \u201clatitanza finita per il ribelle Giovannetti\u201d, contenente un coacervo di falsit\u00e0, richiamata ogni pregressa diffida, Vi invito a pubblicare: 1) Il ns. Presidente non \u00e8 un \u201c<strong><em>ribelle<\/em><\/strong>\u201d ma un\u00a0<strong><em>human rights defender<\/em><\/strong>, che s\u2019adopera da oltre 30 anni contro la corruzione e le\u00a0<strong>massomafie<\/strong>, che soffocano le libert\u00e0 e la vera democrazia:\u00a0<a href=\"http:\/\/www.avvocatisenzafrontiere.it\/\">www.avvocatisenzafrontiere.it<\/a>\u00a0\u2013 Solo per questo \u00e8 oggetto d\u2019una vile campagna di discredito mediatica e persecuzione politico-giudiziaria; 2) E\u2019 falso debba scontare oltre 9 anni, tanto \u00e8 vero che \u00e8 stato scarcerato il 23\/4\/2018 dalla Corte d\u2019Appello di Milano che ha riconosciuto una pena residua di soli 2 anni per meri reati d\u2019opinione, peraltro prescritti in quanto risalenti ad oltre 27 anni fa, a fronte dei quali in un Paese normale in cui la legge \u00e8 uguale per tutti non avrebbe dovuto entrare in carcere neppure un solo giorno n\u00e9 tantomeno venire emesso mandato d\u2019arresto europeo, in base al Vademecum del C.S.M., trattandosi di reati bagatellari e pena inferiore ad anni quattro. Ragione per cui ha subito un\u2019ingiusta detenzione. 3) E\u2019 falso abbia \u201cun passato nella galassia dell\u2019eversione di sinistra\u201d e che si sia \u201cavvicinato a ambienti anarchici greci\u201d. Pietro \u00e8 un pacifista nonviolento d\u2019ispirazione gandhiana; 4) Parimenti diffamante che l\u2019Associazione \u00e8 \u201ccontroversa\u201d, posto che \u00e8 una delle prime ONLUS anticorruzione riconosciute in Italia, che ha sostenuto con oltre 250.000 firme i magistrati antimafia; 5) Idem che ha \u201cperso la sua battaglia con le istituzioni e vissuto sul filo di una personalissima rivoluzione\u201d. Invero la sua opera \u00e8 stata accostata dalla Fondazione Kennedy of Europe a quella di eroi di ieri e di oggi che stanno cambiando il mondo con mezzi pacifici; 6) Tendenzioso che la pena derivi da reati \u201cnon legati al mondo dell\u2019eversione ma alle sue deliranti attivit\u00e0 contro politica e magistratura\u201d; 7) Altrettanto infamante il richiamo a varie \u201cperizie psichiatriche\u201d, senza riferirne l\u2019esito e il contesto; 8) Pura invenzione i pretesi \u201cinsulti\u201d all\u2019ex premier Berlusconi. Invero, Pietro \u00e8 stato aggredito da agenti Digos, come ammesso dallo stesso Corriere della Sera dell\u201911.5.11:\u00a0<a href=\"https:\/\/video.repubblica.it\/edizione\/milano\/processo-mills-parla-l-avvocato-contestatore\/67952\/66410\">https:\/\/video.repubblica.it\/\u2026\/processo-mills-pa\u2026\/67952\/66410<\/a>\u00a0<strong>Ora Pietro \u00e8 libero ma il Corriere della Sera continua a tacere, nonostante abbia dato risalto alla notizia del suo arresto, rifiutando di pubblicare qualsiasi appello anche a pagamento. Un silenzio che puzza di censura e contiguit\u00e0 a quei poteri forti pi\u00f9 retrivi che manipolano e inquinano la libera informazione:\u00a0<\/strong><a href=\"http:\/\/www.change.org\/p\/pietropalaulibero\u00a0\"><strong>www.change.org\/p\/pietropalaulibero\u00a0<\/strong><\/a><\/p>\n<p>&nbsp;<\/p>\n<p>&nbsp;<\/p>\n<p><a href=\"https:\/\/www.lavocedirobinhood.it\/wp-content\/uploads\/2018\/07\/art.-rettifica13.7-1.pdf\">art. rettifica13.7<\/a><\/p>\n<p><a href=\"https:\/\/www.lavocedirobinhood.it\/wp-content\/uploads\/2018\/07\/ordinanza-trib-di-milano-12.7.18.pdf\">ordinanza trib di milano 12.7.18<\/a><\/p>\n","protected":false},"excerpt":{"rendered":"<p>Il Tribunale di Milano con Ordinanza 12\/7\/2018 ha condannato il Corriere della Sera a pubblicare la rettifica delle fake news&#8230;<\/p>\n","protected":false},"author":5,"featured_media":650,"comment_status":"closed","ping_status":"closed","sticky":false,"template":"","format":"standard","meta":{"footnotes":""},"categories":[1],"tags":[],"class_list":["post-622","post","type-post","status-publish","format-standard","has-post-thumbnail","hentry","category-senza-categoria"],"_links":{"self":[{"href":"https:\/\/www.lavocedirobinhood.it\/index.php\/wp-json\/wp\/v2\/posts\/622","targetHints":{"allow":["GET"]}}],"collection":[{"href":"https:\/\/www.lavocedirobinhood.it\/index.php\/wp-json\/wp\/v2\/posts"}],"about":[{"href":"https:\/\/www.lavocedirobinhood.it\/index.php\/wp-json\/wp\/v2\/types\/post"}],"author":[{"embeddable":true,"href":"https:\/\/www.lavocedirobinhood.it\/index.php\/wp-json\/wp\/v2\/users\/5"}],"replies":[{"embeddable":true,"href":"https:\/\/www.lavocedirobinhood.it\/index.php\/wp-json\/wp\/v2\/comments?post=622"}],"version-history":[{"count":7,"href":"https:\/\/www.lavocedirobinhood.it\/index.php\/wp-json\/wp\/v2\/posts\/622\/revisions"}],"predecessor-version":[{"id":652,"href":"https:\/\/www.lavocedirobinhood.it\/index.php\/wp-json\/wp\/v2\/posts\/622\/revisions\/652"}],"wp:featuredmedia":[{"embeddable":true,"href":"https:\/\/www.lavocedirobinhood.it\/index.php\/wp-json\/wp\/v2\/media\/650"}],"wp:attachment":[{"href":"https:\/\/www.lavocedirobinhood.it\/index.php\/wp-json\/wp\/v2\/media?parent=622"}],"wp:term":[{"taxonomy":"category","embeddable":true,"href":"https:\/\/www.lavocedirobinhood.it\/index.php\/wp-json\/wp\/v2\/categories?post=622"},{"taxonomy":"post_tag","embeddable":true,"href":"https:\/\/www.lavocedirobinhood.it\/index.php\/wp-json\/wp\/v2\/tags?post=622"}],"curies":[{"name":"wp","href":"https:\/\/api.w.org\/{rel}","templated":true}]}}