{"id":184,"date":"2011-11-04T19:11:18","date_gmt":"2011-11-04T19:11:18","guid":{"rendered":"http:\/\/lambertob.koding.io\/wordpress\/?p=184"},"modified":"2011-11-04T19:11:18","modified_gmt":"2011-11-04T19:11:18","slug":"milano-e-napoli-due-eventi-per-parlare-di-giustizia-e-responsabilita-civile-della-magistratura","status":"publish","type":"post","link":"https:\/\/www.lavocedirobinhood.it\/index.php\/2011\/11\/04\/milano-e-napoli-due-eventi-per-parlare-di-giustizia-e-responsabilita-civile-della-magistratura\/","title":{"rendered":"MILANO E NAPOLI: DUE EVENTI PER PARLARE DI GIUSTIZIA E RESPONSABILITA&#8217; CIVILE DELLA MAGISTRATURA"},"content":{"rendered":"<p align=\"justify\">Cari Lettori, amici soci e simpatizzanti,<br \/>\nda tempo ormai ricevete le nostre newsletter, grazie alle quali avete avuto modo di conoscere l&#8217;impegno civile e l&#8217;onest\u00e0 intellettuale dell&#8217;Associazione, schierata unicamente a fianco della libert\u00e0 di pensiero e della parte sana delle istituzioni e della Societ\u00e0 civile reale.<\/p>\n<p align=\"justify\">L&#8217;interesse dimostrato verso le nostre pubblicazioni denota la Vs. passione civile in favore della Giustizia e crediamo pertanto fare cosa gradita invitarVi alle prossime iniziative pubbliche dove avrete modo di conoscerci personalmente e dialogare insieme, condividendo idee e progetti, nonch\u00e9 di verificare in quale forma possiate meglio sostenerci e contribuire allo sviluppo delle attivit\u00e0 associative, anche attraverso una collaborazione operativa legata alla Vs. professione.<\/p>\n<p align=\"justify\"><strong>MILANO: Sabato 5 e Domenica 6 novembre 2011<br \/>\nPalazzo delle Stelline C.so Magenta 61 (MM Cadorna).<\/strong><\/p>\n<p align=\"justify\">Dalle ore 10 alle 18,30, in occasione della mostra &#8220;I Giorni del Volontariato&#8221;, promossa dall&#8217;Aim e Ciessevi, saremo lieti incontrarVi presso gli stand del Movimento per la Giustizia Robin Hood e di Avvocati senza Frontiere.<br \/>\nA tutti i visitatori sar\u00e0 distribuita la brochure di presentazione delle nuove iniziative previste per il 2012 e le possibilit\u00e0 di collaborazione con l&#8217;Associazione. L &#8216;ingresso \u00e8 libero e gratuito.<\/p>\n<p align=\"justify\">Per maggiori Info: <a href=\"http:\/\/ciessevi.nomina.it\/rs\/content\/programma_2011_bassa.pdf\">http:\/\/ciessevi.nomina.it\/rs\/content\/programma_2011_bassa.pdf<\/a><\/p>\n<p align=\"justify\">\n<p align=\"justify\"><strong>NAPOLI: Venerd\u00ec 11 e Sabato 12 novembre 2011<br \/>\nP.za Trieste e Trento, 48 &#8211; Napoli<br \/>\nSalone Comencini &#8211; Associazione &#8220;Circolo Artistico Politecnico&#8221;<\/strong><\/p>\n<p align=\"justify\"><strong><br \/>\n<\/strong><strong>CONVEGNO SULL&#8217;AMMINISTRAZIONE DELLA GIUSTIZIA E LA RESPONSABILITA&#8217; CIVILE DEI MAGISTRATI.\u00a0 <\/strong><\/p>\n<p align=\"justify\"><strong>Patrocinato dal Consiglio dell&#8217;Ordine degli Avvocati e dal Sindaco del Comune di Napoli On Luigi De Magistris<\/strong>.<\/p>\n<p align=\"justify\">Dalle ore 9,30, in occasione del Convegno promosso dalla Camera Europea di Giustizia, in collaborazione con l&#8217;Associazione Circolo Artistico Politecnico di Napoli e il Comitato Spontaneo Cittadini contro la Malagiustizia, che vede la partecipazione del ns. Presidente, Dott. Pietro Palau Giovannetti, in qualit\u00e0 di relatore, saremo lieti di fare la Vs. conoscenza e consegnare personalmente a tutti i partecipanti la brochure di presentazione delle nuove iniziative previste per il 2012, con le possibilit\u00e0 di collaborazione e di adesione al network tra le Associazioni europee impegnate nella difesa dei diritti umani. L &#8216;ingresso \u00e8 libero e gratuito.<br \/>\n<strong>\u00a0<\/strong><\/p>\n<p align=\"justify\"><strong>A tutti i legali e professionisti del Sud, aderenti alla rete di Avvocati senza Frontiere e\/o interessati ad aderire \u00e8 rivolto l&#8217;invito di dare conferma della loro partecipazione per l&#8217;incontro di Sabato 11 novembre 2011 con il Presidente dell&#8217;Associazione che si svolger\u00e0 al termine del dibattito alle ore 14,30, dopo un rinfresco.<br \/>\n<\/strong><\/p>\n<p align=\"justify\">Sar\u00e0 un&#8217;occasione per avvicinare le Associazioni del Sud a quelle del Nord e conoscerci personalmente tra tutti coloro che per un motivo o per l&#8217;altro non sono ancora riusciti a trovare l&#8217;opportunit\u00e0 per farlo.<\/p>\n<p align=\"justify\"><strong>Per dare la propria adesione all&#8217;incontro dell&#8217;11.11.2011, siete pregati inviare una mail entro marted\u00ec p.v.<\/strong>: <a href=\"mailto:avvocatisenzafrontiere@hotmail.com\">avvocatisenzafrontiere@hotmail.com<\/a><\/p>\n<p align=\"justify\">Per maggiori info sul Convegno: <a href=\"http:\/\/www.cameradigiustizia.com\/articoli.asp?M=L\">http:\/\/www.cameradigiustizia.com\/articoli.asp?M=L<\/a><\/p>\n<p align=\"justify\">\n","protected":false},"excerpt":{"rendered":"<p>Cari Lettori, amici soci e simpatizzanti, da tempo ormai ricevete le nostre newsletter, grazie alle quali avete avuto modo di&#8230;<\/p>\n","protected":false},"author":2,"featured_media":270,"comment_status":"open","ping_status":"open","sticky":false,"template":"","format":"standard","meta":{"footnotes":""},"categories":[8],"tags":[],"class_list":["post-184","post","type-post","status-publish","format-standard","has-post-thumbnail","hentry","category-eventi-e-convegni"],"_links":{"self":[{"href":"https:\/\/www.lavocedirobinhood.it\/index.php\/wp-json\/wp\/v2\/posts\/184","targetHints":{"allow":["GET"]}}],"collection":[{"href":"https:\/\/www.lavocedirobinhood.it\/index.php\/wp-json\/wp\/v2\/posts"}],"about":[{"href":"https:\/\/www.lavocedirobinhood.it\/index.php\/wp-json\/wp\/v2\/types\/post"}],"author":[{"embeddable":true,"href":"https:\/\/www.lavocedirobinhood.it\/index.php\/wp-json\/wp\/v2\/users\/2"}],"replies":[{"embeddable":true,"href":"https:\/\/www.lavocedirobinhood.it\/index.php\/wp-json\/wp\/v2\/comments?post=184"}],"version-history":[{"count":0,"href":"https:\/\/www.lavocedirobinhood.it\/index.php\/wp-json\/wp\/v2\/posts\/184\/revisions"}],"wp:featuredmedia":[{"embeddable":true,"href":"https:\/\/www.lavocedirobinhood.it\/index.php\/wp-json\/wp\/v2\/media\/270"}],"wp:attachment":[{"href":"https:\/\/www.lavocedirobinhood.it\/index.php\/wp-json\/wp\/v2\/media?parent=184"}],"wp:term":[{"taxonomy":"category","embeddable":true,"href":"https:\/\/www.lavocedirobinhood.it\/index.php\/wp-json\/wp\/v2\/categories?post=184"},{"taxonomy":"post_tag","embeddable":true,"href":"https:\/\/www.lavocedirobinhood.it\/index.php\/wp-json\/wp\/v2\/tags?post=184"}],"curies":[{"name":"wp","href":"https:\/\/api.w.org\/{rel}","templated":true}]}}