{"id":173,"date":"2011-05-24T15:11:10","date_gmt":"2011-05-24T15:11:10","guid":{"rendered":"http:\/\/lambertob.koding.io\/wordpress\/?p=173"},"modified":"2011-05-24T15:11:10","modified_gmt":"2011-05-24T15:11:10","slug":"ruby-gates-day-sit-in-31-5-2011-palazzo-giustizia-di-milano","status":"publish","type":"post","link":"https:\/\/www.lavocedirobinhood.it\/index.php\/2011\/05\/24\/ruby-gates-day-sit-in-31-5-2011-palazzo-giustizia-di-milano\/","title":{"rendered":"RUBY GATE&#8217;S DAY SIT-IN: 31.5.2011 PALAZZO GIUSTIZIA DI MILANO"},"content":{"rendered":"<p><strong>IO LAVORO TU RUBY !<\/strong><\/p>\n<p><strong>PARTECIPIAMO IN MASSA AL \u00abRUBYGATE&#8217;S DAY SIT-IN\u00bb !<\/strong><\/p>\n<p><strong>I<\/strong>l prossimo\u00a0<strong>31-5-2011<\/strong> dalle ore 9,30 avanti a Palazzo di Giustizia Via Freguglia 1 Milano.<\/p>\n<p><strong>Scendiamo<\/strong> avanti a <strong>ogni<\/strong> Tribunale in ogni <strong>parte d&#8217;Italia<\/strong> per fare sentire la nostra voce e <strong>mandare definitivamente a casa il nano piduista e la Moratti!<\/strong><\/p>\n<p><strong>Per<\/strong> difendere la legalit\u00e0 e la libert\u00e0 di espressione del pensiero.<\/p>\n<p><strong>Contro tutte le mafie di destra e di sinistra!<\/strong><\/p>\n<p><strong>A<\/strong> fianco della parte sana della magistratura per affermare il principio di uguaglianza dei cittadini di fronte alla legge e il diritto ad una giustizia dal volto umano libera dai poteri occulti.<\/p>\n<p><strong>Per<\/strong> denunciare le vere ingiustizie e chiudere una volta per sempre con questa classe politica corrotta e massomafiosa, smascherando i veri giudici collusi e\u00a0asserviti agli interessi\u00a0delle cricche, come quelli che ieri hanno assolto\u00a0Dell&#8217;Utri e il boss mafioso Vincenzo Virga &#8216;perche&#8217; il fatto non sussiste&#8217;, dopo quattro giudizi di merito e due di legittimita&#8217;, tanto che il difensore della vittima dell&#8217;estorsione, &#8220;sconvolto per il verdetto&#8221;, ha annunciato che si rivolgera&#8217; per la terza volta alla Cassazione.<\/p>\n<p><strong>INVITO A TUTTI COLORO CHE NON POTRANNO\u00a0VENIRE A MILANO<\/strong>:<\/p>\n<p>1.\u00a0<strong>ORGANIZZATEVI\u00a0!\u00a0<\/strong><\/p>\n<p><strong>S<\/strong>iete in tanti a non poter essere con noi a Milano, fisicamente. Se siete in altre citt\u00e0 organizzate iniziative collegate davanti ai vari Tribunali d&#8217;Italia: flash mob, sit-in o quant&#8217;altro il vostro senso civico e la vostra fantasia suggeriscano. Chiediamo solo che siano pacifiche e condotte in forma civile, come risposta alla gretta arroganza del potere e alla logica dello scontro\u00a0che cercano di imporci.<\/p>\n<p>2. <strong>RICHIEDETECI LE MAGLIETTE<\/strong> con la scritta &#8220;Io lavoro tu Ruby&#8221; e il logo di Robin Hood, da\u00a0indossare il giorno del sit-in ! Chiunque potr\u00e0 anche farle stampare\u00a0scaricando\u00a0dal ns. sito il file\u00a0che presto metteremo direttamente in rete;<\/p>\n<p>3. <strong>INVIATECI un riscontro<\/strong> della vostra esperienza, che sia una fotografia di voi con la maglietta o il semplice logo o di un flash mob o un resoconto.<\/p>\n<p>I vostri volti e il vostro sostegno sono il simbolo di una voce ancora viva e vitale, che questo regime di malaffare non riuscir\u00e0 mai a spegnere n\u00e8 nessuna autoassoluzione potr\u00e0 mai convincere!<\/p>\n<p>L&#8217;evento \u00e8 taggato su\u00a0<strong>facebook<\/strong> e <strong>twitter<\/strong> alla pagina di Avvocati Senza Frontiere.<\/p>\n<p><strong>Vi preghiamo di\u00a0confermare la Vostra adesione<\/strong>:<\/p>\n<p>http:\/\/www.facebook.com\/?ref=home#!\/event.php?eid=173655176023637<\/p>\n<p>La manifestazione,\u00a0salvo censure, \u00e8 taggata anche\u00a0sul sito\u00a0del <strong>Movimento a 5 Stelle:<\/strong> <strong>http:\/\/www.beppegrillo.it\/listeciviche\/forum\/2011\/05\/mandiamo-a-casa-il-nano-e-la-moratti.html\u00a0<\/strong><\/p>\n<p>Per conoscere le ns. attivit\u00e0:<\/p>\n<p><a href=\"http:\/\/www.avvocatisenzafrontiere.it\">www.avvocatisenzafrontiere.it<\/a>\u00a0 <a href=\"http:\/\/www.associazioni.milano\/robinhood\">www.associazioni.milano\/robinhood<\/a>\u00a0<a href=\"http:\/\/www.donnesenzafrontiere.it\">www.donnesenzafrontiere.it<\/a><\/p>\n<p>&nbsp;<\/p>\n<p align=\"justify\"><strong>BERLUSCONI TEME LA PIAZZA DEL DISSENSO<\/strong><\/p>\n<p align=\"justify\"><strong>U<\/strong>n primo risultato l&#8217;abbiamo gi\u00e0 ottenuto.<\/p>\n<p align=\"justify\"><strong>O<\/strong>ggi 24\u00a0maggio, a soli due giorni dall&#8217;<strong>annuncio<\/strong> <strong>ufficiale<\/strong> del <strong>Ruby gate&#8217;s Day Sit-in<\/strong>, \u00a0il nano ha reso noto che non verr\u00e0 alle prossime udienze del Ruby gate, pur avendo in precedenza dichiarato di voler &#8220;partecipare&#8221; al processo nel quale \u00e8 stata dichiarata la sua contumacia davanti alle televisioni di tutta la Terra, dall&#8217;araba Al-Jazeera alla brasiliana TeleGlobo, passando per la tv nazionale argentina e ai cronisti dei maggiori quotidiani del mondo da Le Figaro, El Pais, Financial Times, etc.<\/p>\n<p align=\"justify\"><strong>I<\/strong>l Presidente del Consiglio <strong>teme<\/strong> evidentemente la piazza del dissenso che si sta sempre di pi\u00f9 allargando intorno a lui e fa quindi un passo indietro, cambiando nuovamente strategia. I suoi esperti di comunicazione gli hanno probabilmente suggerito di rinunciare a presenziare alle udienze, in quanto l&#8217;esposizione mediatica davanti al Tribunale dove non ci sar\u00e0 pi\u00f9 la sola claque di fans prezzolati ad applaudirlo, pu\u00f2 solo nuocergli. Il tribunale di Milano sembra infatti diventato il centro del mondo e l&#8217;arena in cui Berlusconi credeva di potere fare la parte del leone, di fronte a tutta la stampa, nazionale e internazionale, mostrando solo la faccia deformata di un Paese asservito e silente che anzich\u00e8 denunciare la Vera ingiustizia si perde nel dare sostegno al Presidente del Consiglio, avversando la parte sana della magistratura, in favore di un imputato che oltre ad essere uno degli uomini pi\u00f9 potenti del mondo ha un collegio difensivo di ben 120 avvocati.<\/p>\n<p align=\"justify\"><strong>Ci\u00f2 nonostante, alla prossima udienza del Ruby-Gate l&#8217;imputato \u00abcontumace\u00bb Silvio Berlusconi pare che non si presenter\u00e0 in aula<\/strong>.<\/p>\n<p align=\"justify\"><strong>Ma noi ci andremo lo stesso per dare l&#8217;ultima spallata a questo regime!<\/strong><\/p>\n<p align=\"justify\"><strong>Prenotate le magliette \u00abIO LAVORO TU RUBY\u00bb e confermate la vs. adesione<\/strong>.<\/p>\n<p align=\"justify\">movimentogiustizia@yahoo.it<\/p>\n<p>&nbsp;<\/p>\n","protected":false},"excerpt":{"rendered":"<p>IO LAVORO TU RUBY ! PARTECIPIAMO IN MASSA AL \u00abRUBYGATE&#8217;S DAY SIT-IN\u00bb ! Il prossimo\u00a031-5-2011 dalle ore 9,30 avanti a&#8230;<\/p>\n","protected":false},"author":2,"featured_media":286,"comment_status":"open","ping_status":"open","sticky":false,"template":"","format":"standard","meta":{"footnotes":""},"categories":[8],"tags":[],"class_list":["post-173","post","type-post","status-publish","format-standard","has-post-thumbnail","hentry","category-eventi-e-convegni"],"_links":{"self":[{"href":"https:\/\/www.lavocedirobinhood.it\/index.php\/wp-json\/wp\/v2\/posts\/173","targetHints":{"allow":["GET"]}}],"collection":[{"href":"https:\/\/www.lavocedirobinhood.it\/index.php\/wp-json\/wp\/v2\/posts"}],"about":[{"href":"https:\/\/www.lavocedirobinhood.it\/index.php\/wp-json\/wp\/v2\/types\/post"}],"author":[{"embeddable":true,"href":"https:\/\/www.lavocedirobinhood.it\/index.php\/wp-json\/wp\/v2\/users\/2"}],"replies":[{"embeddable":true,"href":"https:\/\/www.lavocedirobinhood.it\/index.php\/wp-json\/wp\/v2\/comments?post=173"}],"version-history":[{"count":0,"href":"https:\/\/www.lavocedirobinhood.it\/index.php\/wp-json\/wp\/v2\/posts\/173\/revisions"}],"wp:featuredmedia":[{"embeddable":true,"href":"https:\/\/www.lavocedirobinhood.it\/index.php\/wp-json\/wp\/v2\/media\/286"}],"wp:attachment":[{"href":"https:\/\/www.lavocedirobinhood.it\/index.php\/wp-json\/wp\/v2\/media?parent=173"}],"wp:term":[{"taxonomy":"category","embeddable":true,"href":"https:\/\/www.lavocedirobinhood.it\/index.php\/wp-json\/wp\/v2\/categories?post=173"},{"taxonomy":"post_tag","embeddable":true,"href":"https:\/\/www.lavocedirobinhood.it\/index.php\/wp-json\/wp\/v2\/tags?post=173"}],"curies":[{"name":"wp","href":"https:\/\/api.w.org\/{rel}","templated":true}]}}