{"id":1580,"date":"2024-06-01T13:09:48","date_gmt":"2024-06-01T13:09:48","guid":{"rendered":"https:\/\/www.lavocedirobinhood.it\/?p=1580"},"modified":"2024-06-26T16:54:24","modified_gmt":"2024-06-26T16:54:24","slug":"stage-di-capaci","status":"publish","type":"post","link":"https:\/\/www.lavocedirobinhood.it\/index.php\/2024\/06\/01\/stage-di-capaci\/","title":{"rendered":"La Strage di Stato di Capaci riletta 32 anni dopo."},"content":{"rendered":"\n<p>Nel 55\u00b0 Anniversario della Strategia della Tensione da Piazza Fontana a Capaci e Via D&#8217;Amelio a Palermo riteniamo importante rievocare la memoria di tutti i valorosi servitori dello Stato che hanno sacrificato le loro vite per quel comune ideale di Verit\u00e0 e Giustizia in cui la maggior parte dei cittadini credono al di l\u00e0 delle ideologie e della miserabile retorica dei politici e dei poteri che governano i vertici dello istituzioni. Ecco l&#8217;intervista di Fernando Imposimato, ex magistrato e Presidente emerito della Corte di Cassazione che ebbe a rilasciare prima della sua morte a Italia News:   <\/p>\n\n\n\n<p>\u201cQuesti attentati sono avvenuti con un esplosivo di tipo militare particolare che non era reperibile in commercio. Dietro questi ordini c\u2019\u00e8 un governo mondiale invisibile che vuole gestire la dinamica democratica ed economica dei paesi occidentali. Questo governo mondiale si serve di tante articolazioni tra cui cosa nostra, terroristi, politici corrotti e di una organizzazione chiamata Gladio&#8221;.<\/p>\n\n\n\n<p><a href=\"https:\/\/www.facebook.com\/hashtag\/statomafiaunacosasola?__eep__=6&amp;__cft__[0]=AZWyfKfE4wwR8ecLFup5KSkN5dhLkm8nZ9iSR2_r9QwrOL3kdE2lwSBfnXijvAH9axMpPLcv4Sh-ienNkMkg07ikpCsS8koWQZMFT1zNC1n_x-ixS3t2s3-s1xEzaI4CGyLM8pv1vf_Hkbpe0F9iazk7K_gd2wm9Ty-M066Voomwtw&amp;__tn__=*NK-R\">#StatoMafiaUnaCosaSola<\/a><\/p>\n\n\n\n<p>Nel suo diario Falcone dedicava particolare attenzione al Governo Mondiale Invisibile e Gladio collegata agli omicidi Mattarella, Pio La Torre ed altri. &#8220;Nell&#8217;agenda rossa sottratta dai sevizi segreti Borsellino parlava di Gladio, di quello che gli aveva detto Falcone; appunti che legavano Gladio con i vari delitti di cui loro si occupavano\u201d. Questa \u00e8 la testimonianza di Fernando Imposimato, magistrato che si \u00e8 occupato della lotta alle mafie e al terrorismo, sui mandanti delle stragi di Capaci e Via D&#8217;Amelio a Palermo. Un &#8220;filo atlantista&#8221; che lega tutte le stragi in Italia dal dopoguerra ai tempi pi\u00f9 recenti.<\/p>\n\n\n\n<p>Di seguito l&#8217;intervista integrale al Dott. Imposimato, gi\u00e0 Presidente onorario aggiunto della Suprema Corte di Cassazione, che spiega perch\u00e8 furono uccisi Falcone e Borsellino. Chi li assassin\u00f2. Da dove part\u00ec l\u2019ordine. Perch\u00e8 fu scelta l&#8217;opzione dell\u2019attentato terroristico spettacolare&#8230;<\/p>\n\n\n\n<p>Ecco le dichiarazioni rilasciate a Italia News.<br><\/p>\n","protected":false},"excerpt":{"rendered":"<p>Nel 55\u00b0 Anniversario della Strategia della Tensione da Piazza Fontana a Capaci e Via D&#8217;Amelio a Palermo riteniamo importante rievocare&#8230;<\/p>\n","protected":false},"author":1,"featured_media":1612,"comment_status":"open","ping_status":"closed","sticky":true,"template":"","format":"standard","meta":{"footnotes":""},"categories":[10,32,1],"tags":[],"class_list":["post-1580","post","type-post","status-publish","format-standard","has-post-thumbnail","hentry","category-interviste","category-mafia-delle-aste-giudiziarie","category-senza-categoria"],"_links":{"self":[{"href":"https:\/\/www.lavocedirobinhood.it\/index.php\/wp-json\/wp\/v2\/posts\/1580","targetHints":{"allow":["GET"]}}],"collection":[{"href":"https:\/\/www.lavocedirobinhood.it\/index.php\/wp-json\/wp\/v2\/posts"}],"about":[{"href":"https:\/\/www.lavocedirobinhood.it\/index.php\/wp-json\/wp\/v2\/types\/post"}],"author":[{"embeddable":true,"href":"https:\/\/www.lavocedirobinhood.it\/index.php\/wp-json\/wp\/v2\/users\/1"}],"replies":[{"embeddable":true,"href":"https:\/\/www.lavocedirobinhood.it\/index.php\/wp-json\/wp\/v2\/comments?post=1580"}],"version-history":[{"count":3,"href":"https:\/\/www.lavocedirobinhood.it\/index.php\/wp-json\/wp\/v2\/posts\/1580\/revisions"}],"predecessor-version":[{"id":1610,"href":"https:\/\/www.lavocedirobinhood.it\/index.php\/wp-json\/wp\/v2\/posts\/1580\/revisions\/1610"}],"wp:featuredmedia":[{"embeddable":true,"href":"https:\/\/www.lavocedirobinhood.it\/index.php\/wp-json\/wp\/v2\/media\/1612"}],"wp:attachment":[{"href":"https:\/\/www.lavocedirobinhood.it\/index.php\/wp-json\/wp\/v2\/media?parent=1580"}],"wp:term":[{"taxonomy":"category","embeddable":true,"href":"https:\/\/www.lavocedirobinhood.it\/index.php\/wp-json\/wp\/v2\/categories?post=1580"},{"taxonomy":"post_tag","embeddable":true,"href":"https:\/\/www.lavocedirobinhood.it\/index.php\/wp-json\/wp\/v2\/tags?post=1580"}],"curies":[{"name":"wp","href":"https:\/\/api.w.org\/{rel}","templated":true}]}}