{"id":103,"date":"2009-04-29T18:34:26","date_gmt":"2009-04-29T18:34:26","guid":{"rendered":"http:\/\/lambertob.koding.io\/wordpress\/?p=103"},"modified":"2009-04-29T18:34:26","modified_gmt":"2009-04-29T18:34:26","slug":"giustizia-per-i-magistrati-e-giustizia-per-gli-italiani","status":"publish","type":"post","link":"https:\/\/www.lavocedirobinhood.it\/index.php\/2009\/04\/29\/giustizia-per-i-magistrati-e-giustizia-per-gli-italiani\/","title":{"rendered":"GIUSTIZIA PER I MAGISTRATI E GIUSTIZIA PER GLI ITALIANI"},"content":{"rendered":"<p align=\"justify\">di\u00a0<strong>Sonia Alfano<\/strong> (Presidente Associazione familiari vittime di mafia),<br \/>\n<strong><em>Condividiamo pienamente l&#8217;appello di Sonia Alfano, consapevoli che il grave degrado della civilt\u00e0 giuridica \u00e8 da attribuirsi in larga misura al vile silenzio degli intellettuali, obbidienti agli interessi e alle logiche dei partiti di regime e delle logge massoniche che controllano le istituzioni,\u00a0aderiamo alla manifestazione di\u00a0mercoled\u00ec 28\/01\/09\u00a0a Roma, invitando tutti i nostri lettori\u00a0a sostenere le iniziative dell&#8217;Associazione familiari vittime di mafia fondata\u00a0da Sonia Alfano<\/em><\/strong> (N.d.R.).<\/p>\n<p>&#8212;&#8212;&#8212;&#8212;&#8212;&#8212;&#8212;&#8212;&#8212;&#8212;&#8212;&#8212;&#8212;&#8212;&#8212;&#8212;&#8212;&#8212;&#8212;&#8212;&#8212;&#8212;&#8212;&#8212;&#8212;&#8212;&#8212;&#8212;&#8212;<br \/>\nIn questi giorni, leggendo su internet la notizia che il procuratore di Salerno, <strong>Luigi Apicella<\/strong>, \u00e8 stato sospeso dalle sue funzioni, nonch\u00e9 dallo stipendio, insieme ad altri magistrati, ho provato una sensazione di rabbia e di disgusto. Ogni volta che accade qualcosa di simile penso che si sia toccato il fondo e invece mi rendo conto che il fondo non esiste, che al peggio non c&#8217;\u00e8 mai fine.<\/p>\n<p>Ho atteso, invano, che esponenti politici o esponenti della magistratura, che ancora abbiano a cuore la loro autonomia, si esprimessero sul piccolo colpo di stato perpetrato con estrema facilit\u00e0 e senza dover ricorrere alla violenza n\u00e9 ad una nuova riforma della giustizia.<\/p>\n<p>Il <strong>CSM<\/strong> su ordine di <strong>Angelino Alfano<\/strong>, il giovane Ministro conosciuto alle cronache per <strong>aver baciato Croce Napoli<\/strong>, <strong>boss di Cosa Nostra<\/strong>, ha spazzato via la vita lavorativa, e non solo, di tre onesti magistrati.<\/p>\n<p><strong>L&#8217;ANM gongola<\/strong> e afferma soddisfatta che &#8220;gli anticorpi delle Istituzioni hanno funzionato&#8221;.<\/p>\n<p>Ma quei presunti &#8220;anticorpi istituzionali&#8221; sono solo le illegittime armi di autodifesa del sistema politico che tutela se stesso dalla giustizia tramite la legge.<\/p>\n<p><strong>La sospensione dei tre magistrati della Procura di Salerno \u00e8 l&#8217;atto conclusivo di un disegno con delle precise finalit\u00e0: imbavagliare la magistratura ed assoggettarla al potere politico.<\/strong><\/p>\n<p>Provo rabbia perch\u00e9 ogni volta che guardo il nostro Tricolore identifico il rosso che lo tinge con il colore del sangue dei nostri cari uccisi proprio per difendere i valori che quella bandiera dovrebbe rappresentare.<\/p>\n<p>Pensavamo d&#8217;aver dato al nostro paese ci\u00f2 che di pi\u00f9 prezioso possedevamo, la nostra famiglia.<\/p>\n<p>Oggi devo prendere atto che quel sacrificio, compiuto in nome della difesa di uno stato di diritto, \u00e8 stato vanificato dall&#8217;instaurazione di un regime dittatoriale.<\/p>\n<p>Ma non posso rassegnarmi ed \u00e8 per questo che ho deciso di schierarmi e di prendere una posizione per dimostrare che in questo paese esistono ancora uomini e donne in grado di ribellarsi e di non chinare il capo.<\/p>\n<p>Scendere in piazza a protestare non \u00e8 per me solo un diritto da esercitare ma un dovere nei confronti di chi per la nostra democrazia ha dato la vita.<\/p>\n<p>Ecco perch\u00e9 con Salvatore Borsellino, Benny Calasanzio, Serenetta Monti, Francesco Saverio Alessio e tanti altri siamo costretti a scendere in piazza; lo faremo il 28 gennaio alle ore 9 a Roma, Piazza della Repubblica, lato Basilica Santa Maria degli Angeli.<\/p>\n<p>E&#8217; necessario che partecipino i cittadini e tutti i movimenti e le associazioni che hanno a cuore i nostri stessi obbiettivi.<\/p>\n<p>Se non mostreremo tutta la nostra indignazione, questo regime, in assenza di qualsiasi reazione, si sentir\u00e0 autorizzato a continuare a calpestare la nostra dignit\u00e0.<\/p>\n<p>E ci piacerebbe che chi non potr\u00e0 essere fisicamente presenta a Roma esponga fuori dalla propria finestra il nostro Tricolore in segno di adesione e per creare tanti piccoli presidi di dignit\u00e0 e ribellione.<\/p>\n<p>Ma l&#8217;appello pi\u00f9 accorato oggi deve essere rivolto ai tanti magistrati liberi che, voglio credere, non possono assecondare la complicit\u00e0 di sistema assunta in modo bieco e protervo dall&#8217;ANM. Da quella ANM oggi essi devono distanziarsi, pena la perdita di ogni credibilit\u00e0.<\/p>\n<p>E&#8217; ancora lontano il giorno in cui potremo avere il tempo di far rimarginare le nostre ferite ed avere la certezza che tutto il dolore che ci portiamo addosso sia servito per creare un paese sano e democratico ma non \u00e8 ancora il momento di rassegnarsi e quel momento, per noi, non arriver\u00e0 mai.<\/p>\n<p>da <a href=\"http:\/\/www.familiarivittimedimafia.com\/\">www.familiarivittimedimafia.com<\/a><\/p>\n<p>&#8212;&#8212;&#8212;&#8212;&#8212;&#8212;&#8212;&#8212;&#8212;&#8212;&#8212;&#8212;&#8212;<\/p>\n<p>Riteniamo infine drammaticamente doveroso diffondere le parole illuminate e l&#8217;invito pressante di Sonia Alfano, offrendo tutto il nostro pieno sostegno a persone come lei degne della fiducia della gente: (<a href=\"http:\/\/www.youtube..com\/watch?v=iTJ4edjOLiQ\">http:\/\/www.youtube..com\/watch?v=iTJ4edjOLiQ<\/a>):<\/p>\n<p align=\"justify\">&#8230; &#8220;<strong>Io so che l&#8217;articolo 101<\/strong> <strong>della nostra Costituzione dice che la giustizia \u00e8 amministrata in nome del popolo <\/strong><strong>e che i giudici sono soggetti soltanto alla legge e non all&#8217;abuso della legge o al potere politico<\/strong>. Io so che Luigi De Magistris, Clementina Forleo, il procuratore Apicella sono stati trasferiti perch\u00e9 hanno osato indagare sui poteri forti, sui politici, sugli imprenditori e gli amici dei politici. Io pensavo di aver dato a questo Paese ci\u00f2 che di pi\u00f9 grande possedevo, la mia famiglia, e invece mi rendo conto che \u00e8 stato un sacrificio probabilmente vanificato anche se fatto in difesa di uno Stato di diritto. Ed \u00e8 stato vanificato con l&#8217;instaurazione di questo regime dittatoriale. Quando guardo il tricolore provo grande rabbia perch\u00e9 identifico il rosso che lo tinge col rosso del sangue dei nostri cari. Ecco perch\u00e9 per me scendere in piazza oltre che un diritto \u00e8 un dovere, nei confronti di chi per la nostra democrazia ha perso la vita. Se non mostreremo tutta la nostra indignazione questo regime, in assenza di reazione, si sentir\u00e0 autorizzato a calpestare la nostra dignit\u00e0. Ecco perch\u00e9 invito tutti i cittadini che vogliono manifestare con noi a scendere in piazza, a Roma il 28 gennaio alle 9 in piazza Farnese,\u00a0dove non si trover\u00e0 &#8211; ci si pu\u00f2 tranquillamente scommettere &#8211; neanche uno dei cento rettori magnifici delle universit\u00e0 italiane a riprova della gravit\u00e0 del degrado mentale e morale ben sintetizzato dal Magistrato Gabriella Nuzzi come &#8220;vile generale silenzio&#8221;.<br \/>\n<strong>Sonia Alfano<\/strong><\/p>\n<p align=\"justify\">\n<p align=\"justify\">\n","protected":false},"excerpt":{"rendered":"<p>di\u00a0Sonia Alfano (Presidente Associazione familiari vittime di mafia), Condividiamo pienamente l&#8217;appello di Sonia Alfano, consapevoli che il grave degrado della&#8230;<\/p>\n","protected":false},"author":2,"featured_media":353,"comment_status":"open","ping_status":"open","sticky":false,"template":"","format":"standard","meta":{"footnotes":""},"categories":[8],"tags":[],"class_list":["post-103","post","type-post","status-publish","format-standard","has-post-thumbnail","hentry","category-eventi-e-convegni"],"_links":{"self":[{"href":"https:\/\/www.lavocedirobinhood.it\/index.php\/wp-json\/wp\/v2\/posts\/103","targetHints":{"allow":["GET"]}}],"collection":[{"href":"https:\/\/www.lavocedirobinhood.it\/index.php\/wp-json\/wp\/v2\/posts"}],"about":[{"href":"https:\/\/www.lavocedirobinhood.it\/index.php\/wp-json\/wp\/v2\/types\/post"}],"author":[{"embeddable":true,"href":"https:\/\/www.lavocedirobinhood.it\/index.php\/wp-json\/wp\/v2\/users\/2"}],"replies":[{"embeddable":true,"href":"https:\/\/www.lavocedirobinhood.it\/index.php\/wp-json\/wp\/v2\/comments?post=103"}],"version-history":[{"count":0,"href":"https:\/\/www.lavocedirobinhood.it\/index.php\/wp-json\/wp\/v2\/posts\/103\/revisions"}],"wp:featuredmedia":[{"embeddable":true,"href":"https:\/\/www.lavocedirobinhood.it\/index.php\/wp-json\/wp\/v2\/media\/353"}],"wp:attachment":[{"href":"https:\/\/www.lavocedirobinhood.it\/index.php\/wp-json\/wp\/v2\/media?parent=103"}],"wp:term":[{"taxonomy":"category","embeddable":true,"href":"https:\/\/www.lavocedirobinhood.it\/index.php\/wp-json\/wp\/v2\/categories?post=103"},{"taxonomy":"post_tag","embeddable":true,"href":"https:\/\/www.lavocedirobinhood.it\/index.php\/wp-json\/wp\/v2\/tags?post=103"}],"curies":[{"name":"wp","href":"https:\/\/api.w.org\/{rel}","templated":true}]}}